{"id":123387,"date":"2016-02-24T15:13:57","date_gmt":"2016-02-24T14:13:57","guid":{"rendered":"http:\/\/www.cronacaonline.it\/public\/content\/?p=123387"},"modified":"2016-02-24T15:13:57","modified_gmt":"2016-02-24T14:13:57","slug":"comune-di-cagliari-bando-per-contributi-per-attivita-culturali-e-di-spettacolo-2016","status":"publish","type":"post","link":"https:\/\/www.cronacaonline.it\/index.php\/2016\/02\/24\/comune-di-cagliari-bando-per-contributi-per-attivita-culturali-e-di-spettacolo-2016\/","title":{"rendered":"Comune di Cagliari \u2013 Bando per contributi per attivit\u00e0 culturali e di spettacolo 2016"},"content":{"rendered":"<p>Cagliari, 24 Feb 2016 - \u00c8 in pubblicazione sul sito istituzionale il bando per l'erogazione di contributi per attivit\u00e0 culturali e di spettacolo per l'anno corrente. Le domande dovranno essere presentate entro le ore 14 di luned\u00ec 4 aprile 2016.<br \/>\nPossono partecipare gli organismi, gli enti, le associazioni (o i consorzi di associazioni), sia pubblici che privati; sono invece escluse le persone fisiche. Le attivit\u00e0 progettuali per le quali si richiede il contributo dovranno realizzarsi entro il 31 dicembre 2016.<br \/>\nNel caso di presentazione di pi\u00f9 domande o progetti da parte dello stesso soggetto, sar\u00e0 valutata soltanto la prima in ordine di presentazione, secondo il numero assegnato dal Protocollo generale del Comune. Pertanto, tutte le altre saranno escluse.<br \/>\nLe domande dovranno essere presentate esclusivamente mediante la piattaforma delle \u201cIstanze on line\u201d presente sul sito internet istituzionale. Per usufruire del servizio occorre per\u00f2 effettuare prima la registrazione (\u201cprofilo forte\u201d) al portale istituzionale, effettuare il login e accedere quindi alle istanze online presenti nella sezione \u201cArea riservata\u201d.<\/p>\n","protected":false},"excerpt":{"rendered":"<p>Cagliari, 24 Feb 2016 &#8211; \u00c8 in pubblicazione sul sito istituzionale il bando per l&#8217;erogazione di contributi per attivit\u00e0 culturali e di spettacolo per l&#8217;anno&#8230;<\/p>\n","protected":false},"author":2,"featured_media":0,"comment_status":"closed","ping_status":"closed","sticky":false,"template":"","format":"standard","meta":[],"categories":[49,53],"tags":[],"_links":{"self":[{"href":"https:\/\/www.cronacaonline.it\/index.php\/wp-json\/wp\/v2\/posts\/123387"}],"collection":[{"href":"https:\/\/www.cronacaonline.it\/index.php\/wp-json\/wp\/v2\/posts"}],"about":[{"href":"https:\/\/www.cronacaonline.it\/index.php\/wp-json\/wp\/v2\/types\/post"}],"author":[{"embeddable":true,"href":"https:\/\/www.cronacaonline.it\/index.php\/wp-json\/wp\/v2\/users\/2"}],"replies":[{"embeddable":true,"href":"https:\/\/www.cronacaonline.it\/index.php\/wp-json\/wp\/v2\/comments?post=123387"}],"version-history":[{"count":0,"href":"https:\/\/www.cronacaonline.it\/index.php\/wp-json\/wp\/v2\/posts\/123387\/revisions"}],"wp:attachment":[{"href":"https:\/\/www.cronacaonline.it\/index.php\/wp-json\/wp\/v2\/media?parent=123387"}],"wp:term":[{"taxonomy":"category","embeddable":true,"href":"https:\/\/www.cronacaonline.it\/index.php\/wp-json\/wp\/v2\/categories?post=123387"},{"taxonomy":"post_tag","embeddable":true,"href":"https:\/\/www.cronacaonline.it\/index.php\/wp-json\/wp\/v2\/tags?post=123387"}],"curies":[{"name":"wp","href":"https:\/\/api.w.org\/{rel}","templated":true}]}}