{"id":123300,"date":"2016-02-22T11:32:32","date_gmt":"2016-02-22T10:32:32","guid":{"rendered":"http:\/\/www.cronacaonline.it\/public\/content\/?p=123300"},"modified":"2016-02-22T11:32:32","modified_gmt":"2016-02-22T10:32:32","slug":"iniziate-conferme-degli-abbonamenti-per-la-stagione-lirica-e-di-balletto-2016-del-teatro-lirico-di-cagliari","status":"publish","type":"post","link":"https:\/\/www.cronacaonline.it\/index.php\/2016\/02\/22\/iniziate-conferme-degli-abbonamenti-per-la-stagione-lirica-e-di-balletto-2016-del-teatro-lirico-di-cagliari\/","title":{"rendered":"Iniziate conferme degli abbonamenti per la Stagione lirica e di balletto 2016 del Teatro Lirico di Cagliari"},"content":{"rendered":"<p>Cagliari, 22 Feb 2016 - La campagna abbonamenti per l\u2019ormai imminente Stagione lirica e di balletto 2016 del Teatro Lirico di Cagliari, \u00e8 iniziata, da luned\u00ec 15 febbraio 2016, per tutti gli abbonati, con le conferme e variazioni su posti disponibili, possibili fino a marted\u00ec 15 marzo 2016.<\/p>\n<p>I nuovi abbonamenti saranno in vendita da mercoled\u00ec 16 marzo a domenica 10 aprile.<\/p>\n<p>Da sottolineare, inoltre, la possibilit\u00e0 di acquistare da marted\u00ec 29 marzo 2016 i biglietti per tutti gli spettacoli della Stagione lirica e di balletto; lo stesso servizio \u00e8 possibile anche online attraverso il circuito di prevendita www.vivaticket.it.<\/p>\n<p>La Stagione lirica e di balletto 2016 prevede sette turni di abbonamento, per sette titoli ciascuno (i sei allestimenti lirici pi\u00f9 il balletto: La campana sommersa, La Boh\u00e8me, The Tokyo Ballet, La Traviata, La pietra del paragone, Falstaff, Il Trovatore).<\/p>\n<p>Come ormai consuetudine i posti in teatro sono identificati per ordine (platea, prima e seconda loggia) e per settore (giallo, rosso e blu). Ad ogni settore corrisponde un prezzo, secondo il diverso valore dei posti.<\/p>\n<p>Prezzi abbonamenti: platea da \u20ac 270,00 a \u20ac 220,00 (settore giallo), da \u20ac 240,00 a \u20ac 200,00 (settore rosso), da \u20ac 210,00 a \u20ac 160,00 (settore blu); I loggia da \u20ac 220,00 a \u20ac 170,00 (settore giallo), da \u20ac 190,00 a \u20ac 145,00 (settore rosso), da \u20ac 170,00 a \u20ac 125,00 (settore blu); II loggia da \u20ac 140,00 a \u20ac 110,00 (settore giallo), da \u20ac 120,00 a \u20ac 90,00 (settore rosso), da \u20ac 90,00 a \u20ac 65,00 (settore blu).<\/p>\n<p>Ai giovani under 30 sono applicate riduzioni del 50% sull\u2019acquisto di abbonamenti e biglietti. Ulteriori agevolazioni sono previste per gruppi organizzati.<\/p>\n<p>La Direzione si riserva di apportare al programma le modifiche che si rendessero necessarie per esigenze tecniche o per cause di forza maggiore. Eventuali modifiche al cartellone saranno indicate nel sito internet del teatro www.teatroliricodicagliari.it.<\/p>\n<p>La Biglietteria del Teatro Lirico \u00e8 aperta dal luned\u00ec al sabato dalle 9 alle 13 e dalle 16 alle 20. Rimane chiusa la domenica e i giorni festivi.<\/p>\n","protected":false},"excerpt":{"rendered":"<p>Cagliari, 22 Feb 2016 &#8211; La campagna abbonamenti per l\u2019ormai imminente Stagione lirica e di balletto 2016 del Teatro Lirico di Cagliari, \u00e8 iniziata, da&#8230;<\/p>\n","protected":false},"author":2,"featured_media":2172,"comment_status":"closed","ping_status":"closed","sticky":false,"template":"","format":"standard","meta":[],"categories":[49,54],"tags":[],"_links":{"self":[{"href":"https:\/\/www.cronacaonline.it\/index.php\/wp-json\/wp\/v2\/posts\/123300"}],"collection":[{"href":"https:\/\/www.cronacaonline.it\/index.php\/wp-json\/wp\/v2\/posts"}],"about":[{"href":"https:\/\/www.cronacaonline.it\/index.php\/wp-json\/wp\/v2\/types\/post"}],"author":[{"embeddable":true,"href":"https:\/\/www.cronacaonline.it\/index.php\/wp-json\/wp\/v2\/users\/2"}],"replies":[{"embeddable":true,"href":"https:\/\/www.cronacaonline.it\/index.php\/wp-json\/wp\/v2\/comments?post=123300"}],"version-history":[{"count":0,"href":"https:\/\/www.cronacaonline.it\/index.php\/wp-json\/wp\/v2\/posts\/123300\/revisions"}],"wp:featuredmedia":[{"embeddable":true,"href":"https:\/\/www.cronacaonline.it\/index.php\/wp-json\/wp\/v2\/media\/2172"}],"wp:attachment":[{"href":"https:\/\/www.cronacaonline.it\/index.php\/wp-json\/wp\/v2\/media?parent=123300"}],"wp:term":[{"taxonomy":"category","embeddable":true,"href":"https:\/\/www.cronacaonline.it\/index.php\/wp-json\/wp\/v2\/categories?post=123300"},{"taxonomy":"post_tag","embeddable":true,"href":"https:\/\/www.cronacaonline.it\/index.php\/wp-json\/wp\/v2\/tags?post=123300"}],"curies":[{"name":"wp","href":"https:\/\/api.w.org\/{rel}","templated":true}]}}