{"id":123032,"date":"2016-02-17T11:42:09","date_gmt":"2016-02-17T10:42:09","guid":{"rendered":"http:\/\/www.cronacaonline.it\/public\/content\/?p=123032"},"modified":"2016-02-17T11:42:09","modified_gmt":"2016-02-17T10:42:09","slug":"a-sassari-arrestati-dai-carabinieri-due-spacciatori-e-sequestrate-oltre-70-dosi-di-marijuana","status":"publish","type":"post","link":"https:\/\/www.cronacaonline.it\/index.php\/2016\/02\/17\/a-sassari-arrestati-dai-carabinieri-due-spacciatori-e-sequestrate-oltre-70-dosi-di-marijuana\/","title":{"rendered":"A Sassari arrestati dai carabinieri due spacciatori e sequestrate oltre 70 dosi di marijuana."},"content":{"rendered":"<p>Sassari, 17 Feb 2016 - Nell\u2019ambito di mirati servizi antidroga concentrati nei pressi del centro storico cittadino e finalizzati a contrastare il fenomeno dello spaccio ai giovani studenti, i carabinieri del Nucleo Operativo e Radiomobile della Compagnia di Sassari, hanno tratto in arresto ieri pomeriggio due pregiudicati sassaresi per detenzione ai fini di spaccio di marijuana.<\/p>\n<p>Gi\u00e0 nelle scorse settimane, nel corso di continui servizi di osservazione posti in essere nei giardini pubblici di via Tavolara, luogo notoriamente frequentato dagli adolescenti, i militari dell\u2019Aliquota Operativa avevano notato movimenti ambigui intorno ad una persona successivamente identificata in Costantino Vandi, di 32 anni che, seduto su una panchina, era frequentemente avvicinato da alcuni studenti, i quali venivano poi dirottati verso un altro individuo.<\/p>\n<p>L\u2019attento monitoraggio della zona \u00e8 nei giorni successivi \u00e8 stato accertato che Vandi era sovente accompagnato da un altro pregiudicato sassarese, successivamente identificato Roberto Coroforo, di 38 anni.<\/p>\n<p>Ieri, quindi, non appena gli uomini dell\u2019Arma hanno assistito ad uno \u201cscambio\u201d tra i due, avvenuto nei pressi dell\u2019abitazione del primo pregiudicato, i sospetti sono diventati certezze ed \u00e8 scattato il blitz. Nel corso della perquisizione personale cui sono stati sottoposti, sono state rinvenute, rispettivamente, 30 e 19 dosi di marijuana e l\u2019ulteriore perquisizione domiciliare ha consentito di sequestrare altre 29 dosi della stessa sostanza stupefacente nonch\u00e9 un bilancino di precisione e la somma di 240 euro, ritenuta essere provento dell\u2019attivit\u00e0 illecita posta in essere.<\/p>\n<p>Per entrambi sono quindi scattate le manette e, come disposto dall\u2019Autorit\u00e0 Giudiziaria, la loro posizione sar\u00e0 valutata questa mattina nel corso della direttissima che si svolger\u00e0 presso il Tribunale di Sassari.<\/p>\n","protected":false},"excerpt":{"rendered":"<p>Sassari, 17 Feb 2016 &#8211; Nell\u2019ambito di mirati servizi antidroga concentrati nei pressi del centro storico cittadino e finalizzati a contrastare il fenomeno dello spaccio&#8230;<\/p>\n","protected":false},"author":2,"featured_media":123033,"comment_status":"closed","ping_status":"closed","sticky":false,"template":"","format":"standard","meta":[],"categories":[49,55],"tags":[],"_links":{"self":[{"href":"https:\/\/www.cronacaonline.it\/index.php\/wp-json\/wp\/v2\/posts\/123032"}],"collection":[{"href":"https:\/\/www.cronacaonline.it\/index.php\/wp-json\/wp\/v2\/posts"}],"about":[{"href":"https:\/\/www.cronacaonline.it\/index.php\/wp-json\/wp\/v2\/types\/post"}],"author":[{"embeddable":true,"href":"https:\/\/www.cronacaonline.it\/index.php\/wp-json\/wp\/v2\/users\/2"}],"replies":[{"embeddable":true,"href":"https:\/\/www.cronacaonline.it\/index.php\/wp-json\/wp\/v2\/comments?post=123032"}],"version-history":[{"count":0,"href":"https:\/\/www.cronacaonline.it\/index.php\/wp-json\/wp\/v2\/posts\/123032\/revisions"}],"wp:featuredmedia":[{"embeddable":true,"href":"https:\/\/www.cronacaonline.it\/index.php\/wp-json\/wp\/v2\/media\/123033"}],"wp:attachment":[{"href":"https:\/\/www.cronacaonline.it\/index.php\/wp-json\/wp\/v2\/media?parent=123032"}],"wp:term":[{"taxonomy":"category","embeddable":true,"href":"https:\/\/www.cronacaonline.it\/index.php\/wp-json\/wp\/v2\/categories?post=123032"},{"taxonomy":"post_tag","embeddable":true,"href":"https:\/\/www.cronacaonline.it\/index.php\/wp-json\/wp\/v2\/tags?post=123032"}],"curies":[{"name":"wp","href":"https:\/\/api.w.org\/{rel}","templated":true}]}}