{"id":123023,"date":"2016-02-16T20:06:40","date_gmt":"2016-02-16T19:06:40","guid":{"rendered":"http:\/\/www.cronacaonline.it\/public\/content\/?p=123023"},"modified":"2016-02-16T20:06:40","modified_gmt":"2016-02-16T19:06:40","slug":"visita-al-prefetto-di-cagliari-del-neo-insediato-provveditore-regionale-dellamministrazione-penitenziaria","status":"publish","type":"post","link":"https:\/\/www.cronacaonline.it\/index.php\/2016\/02\/16\/visita-al-prefetto-di-cagliari-del-neo-insediato-provveditore-regionale-dellamministrazione-penitenziaria\/","title":{"rendered":"Visita al Prefetto di Cagliari del neo insediato Provveditore Regionale dell\u2019Amministrazione Penitenziaria"},"content":{"rendered":"<p>Cagliari, 16 Feb 2016 \u2013 Questa mattina il neo Provveditore Regionale dell\u2019Amministrazione Penitenziaria Maurizio Veneziano si \u00e8 recato in visita dal Prefetto, Giuliana Perrotta.<\/p>\n<p>Nel corso del cordiale incontro il Prefetto e il Provveditore dell\u2019Amministrazione Penitenziaria hanno avuto uno scambio di opinioni sulle rispettive esperienze e sulle possibili sinergie tra le due Amministrazioni.<\/p>\n<p>Nella circostanza, il Prefetto ha ringraziato l\u2019Amministrazione Penitenziaria per la collaborazione e la disponibilit\u00e0 manifestata nei mesi scorsi nel mettere a disposizione alcuni locali all\u2019interno della ex Carcere di Buon Cammino per l\u2019attivit\u00e0 della Commissione Territoriale per il Riconoscimento della Protezione Internazionale di Cagliari che, come \u00e8 noto, \u00e8 stata istituita nel mese di gennaio 2015 ed era provvisoriamente allocata presso alcune sale della Prefettura di Cagliari.<\/p>\n<p>La nuova sede della predetta Commissione sar\u00e0 inaugurata venerd\u00ec 19 febbraio p.v., alle ore 10.00.<\/p>\n<p>La soluzione individuata, grazie anche ai tempestivi interventi posti in essere dall\u2019Agenzia Regionale del Demanio e dal Provveditorato Opere Pubbliche per la Sardegna per l\u2019adeguamento dell\u2019edificio consente di disporre di una struttura idonea a garantire un migliore e pi\u00f9 funzionale esercizio delle rilevanti attivit\u00e0 della Commissione, a beneficio dell\u2019utenza e del personale addetto.<\/p>\n","protected":false},"excerpt":{"rendered":"<p>Cagliari, 16 Feb 2016 \u2013 Questa mattina il neo Provveditore Regionale dell\u2019Amministrazione Penitenziaria Maurizio Veneziano si \u00e8 recato in visita dal Prefetto, Giuliana Perrotta. Nel&#8230;<\/p>\n","protected":false},"author":2,"featured_media":123024,"comment_status":"closed","ping_status":"closed","sticky":false,"template":"","format":"standard","meta":[],"categories":[49,53],"tags":[],"_links":{"self":[{"href":"https:\/\/www.cronacaonline.it\/index.php\/wp-json\/wp\/v2\/posts\/123023"}],"collection":[{"href":"https:\/\/www.cronacaonline.it\/index.php\/wp-json\/wp\/v2\/posts"}],"about":[{"href":"https:\/\/www.cronacaonline.it\/index.php\/wp-json\/wp\/v2\/types\/post"}],"author":[{"embeddable":true,"href":"https:\/\/www.cronacaonline.it\/index.php\/wp-json\/wp\/v2\/users\/2"}],"replies":[{"embeddable":true,"href":"https:\/\/www.cronacaonline.it\/index.php\/wp-json\/wp\/v2\/comments?post=123023"}],"version-history":[{"count":0,"href":"https:\/\/www.cronacaonline.it\/index.php\/wp-json\/wp\/v2\/posts\/123023\/revisions"}],"wp:featuredmedia":[{"embeddable":true,"href":"https:\/\/www.cronacaonline.it\/index.php\/wp-json\/wp\/v2\/media\/123024"}],"wp:attachment":[{"href":"https:\/\/www.cronacaonline.it\/index.php\/wp-json\/wp\/v2\/media?parent=123023"}],"wp:term":[{"taxonomy":"category","embeddable":true,"href":"https:\/\/www.cronacaonline.it\/index.php\/wp-json\/wp\/v2\/categories?post=123023"},{"taxonomy":"post_tag","embeddable":true,"href":"https:\/\/www.cronacaonline.it\/index.php\/wp-json\/wp\/v2\/tags?post=123023"}],"curies":[{"name":"wp","href":"https:\/\/api.w.org\/{rel}","templated":true}]}}