{"id":122976,"date":"2016-02-16T12:03:28","date_gmt":"2016-02-16T11:03:28","guid":{"rendered":"http:\/\/www.cronacaonline.it\/public\/content\/?p=122976"},"modified":"2016-02-16T12:03:28","modified_gmt":"2016-02-16T11:03:28","slug":"contro-laumento-del-preoccupante-fenomeno-del-bullismo-anche-fra-i-giovanissimi-indispensabile-la-presenza-dello-psicologo-a-scuola","status":"publish","type":"post","link":"https:\/\/www.cronacaonline.it\/index.php\/2016\/02\/16\/contro-laumento-del-preoccupante-fenomeno-del-bullismo-anche-fra-i-giovanissimi-indispensabile-la-presenza-dello-psicologo-a-scuola\/","title":{"rendered":"Contro l&#8217;aumento del preoccupante fenomeno del bullismo, anche fra i giovanissimi, indispensabile la presenza dello psicologo a scuola"},"content":{"rendered":"<p><strong>Cagliari, 16 Feb 2016 - <\/strong>\"L'aumento di preoccupanti episodi di comportamenti persecutori condivisi ed estesi, anche fra i giovanissimi, come dimostra la recente vicenda di Nuoro, richiede un'azione coordinata e di tipo nuovo, anche rispetto agli interventi, certo importanti, fin qui avviati\", ha detto Angela Quaquero, presidente dell'Ordine degli Psicologi della Sardegna. \"Riteniamo- ha aggiunto- che sia indispensabile cominciare a pensare allo psicologo nella scuola come ad una figura professionale stabile e necessaria nella quotidianit\u00e0, anche nella scuola primaria. In Sardegna si stanno facendo grandi passi, ma occorre che lo Stato faccia la sua parte e dia stabilit\u00e0 a questo percorso\"<\/p>\n<p>E' purtroppo nota, e ha travalicato i confini dell'isola, la storia della ragazzina dodicenne nuorese, per mesi oggetto di atti di bullismo, che hanno coinvolto un numero considerevole di alunni delle scuole medie cittadine: \"Sono almeno due gli elementi di novit\u00e0 di cui occorre tener conto- ha sottolineato Angela Quaquero- e su cui \u00e8 necessario riflettere rapidamente per adottare le misure pi\u00f9 adeguate e corrette: da un lato, la vicenda nuorese, cos\u00ec come gi\u00e0 accaduto altrove, conferma che si sta abbassando l'et\u00e0 delle \"vittime\", ma anche quella degli artefici degli atti di persecuzione collettiva. Dall'altro, che l'azione di denigrazione, insulto e umiliazione della vittima pu\u00f2 propagarsi in modi incontrollabili, attraverso i nuovi mezzi di comunicazione come la rete i social network\". Gli effetti, purtroppo possono essere devastanti, come la cronaca pi\u00f9 recente ha mostrato.<\/p>\n<p>C'\u00e8 un salto di qualit\u00e0, se cos\u00ec si pu\u00f2 dire, nella fenomenologia di questi atti ad un livello molto pi\u00f9 esteso, che non pu\u00f2 essere contrastata solo con le azioni di informazione, di denuncia o anche di tipo repressivo: lo psicologo nella scuola pu\u00f2 essere il punto di riferimento per la necessaria interazione fra tutti i soggetti che \"si occupano\" dei bambini e degli adolescenti:\u00a0innanzitutto i genitori e i docenti, che troppo spesso non dialogano fra di loro, o peggio, si contrappongono. In mezzo ci sono i minori, con le infinite fragilit\u00e0 e solitudini, non solo virtuali, che per ragioni diverse, ne caratterizzano l'esistenza e ne condizionano lo sviluppo.<\/p>\n<p>\" Ci auguriamo- ha concluso Angela Quaquero- che possa essere avviato rapidamente un percorso a livello nazionale, che rinforzi le azioni gi\u00e0 in atto in Sardegna con l'Assessorato regionale della Pubblica Istruzione, che preveda la presenza dello psicologo a scuola per promuovere il benessere e contrastare il bullismo, cos\u00ec come si sta facendo per il contrasto alla dispersione scolastica nel piano triennale previsto dal progetto Iscol@\".<\/p>\n","protected":false},"excerpt":{"rendered":"<p>Cagliari, 16 Feb 2016 &#8211; &#8220;L&#8217;aumento di preoccupanti episodi di comportamenti persecutori condivisi ed estesi, anche fra i giovanissimi, come dimostra la recente vicenda di&#8230;<\/p>\n","protected":false},"author":2,"featured_media":122977,"comment_status":"closed","ping_status":"closed","sticky":false,"template":"","format":"standard","meta":[],"categories":[49,53],"tags":[],"_links":{"self":[{"href":"https:\/\/www.cronacaonline.it\/index.php\/wp-json\/wp\/v2\/posts\/122976"}],"collection":[{"href":"https:\/\/www.cronacaonline.it\/index.php\/wp-json\/wp\/v2\/posts"}],"about":[{"href":"https:\/\/www.cronacaonline.it\/index.php\/wp-json\/wp\/v2\/types\/post"}],"author":[{"embeddable":true,"href":"https:\/\/www.cronacaonline.it\/index.php\/wp-json\/wp\/v2\/users\/2"}],"replies":[{"embeddable":true,"href":"https:\/\/www.cronacaonline.it\/index.php\/wp-json\/wp\/v2\/comments?post=122976"}],"version-history":[{"count":0,"href":"https:\/\/www.cronacaonline.it\/index.php\/wp-json\/wp\/v2\/posts\/122976\/revisions"}],"wp:featuredmedia":[{"embeddable":true,"href":"https:\/\/www.cronacaonline.it\/index.php\/wp-json\/wp\/v2\/media\/122977"}],"wp:attachment":[{"href":"https:\/\/www.cronacaonline.it\/index.php\/wp-json\/wp\/v2\/media?parent=122976"}],"wp:term":[{"taxonomy":"category","embeddable":true,"href":"https:\/\/www.cronacaonline.it\/index.php\/wp-json\/wp\/v2\/categories?post=122976"},{"taxonomy":"post_tag","embeddable":true,"href":"https:\/\/www.cronacaonline.it\/index.php\/wp-json\/wp\/v2\/tags?post=122976"}],"curies":[{"name":"wp","href":"https:\/\/api.w.org\/{rel}","templated":true}]}}