{"id":122831,"date":"2016-02-12T11:47:28","date_gmt":"2016-02-12T10:47:28","guid":{"rendered":"http:\/\/www.cronacaonline.it\/public\/content\/?p=122831"},"modified":"2016-02-12T11:47:28","modified_gmt":"2016-02-12T10:47:28","slug":"unioni-civili-renzi-e-il-presidente-del-senato-grasso-stoppano-la-chiesa-voto-segreto-non-decide-la-cei","status":"publish","type":"post","link":"https:\/\/www.cronacaonline.it\/index.php\/2016\/02\/12\/unioni-civili-renzi-e-il-presidente-del-senato-grasso-stoppano-la-chiesa-voto-segreto-non-decide-la-cei\/","title":{"rendered":"Unioni civili, Renzi e il presidente del Senato Grasso stoppano la chiesa: &#8220;voto segreto? Non decide la Cei&#8221;"},"content":{"rendered":"<p>Roma, 12 Feb 2016 - \"Noi soffriamo pi\u00f9 degli altri? Non siamo pi\u00f9 l'epicentro della crisi, come nel 2011 e nel 2012, i dati di ieri sono stati peggiori per alcune banche francesi e tedesche. Detto questo io non ne sono contento perch\u00e8 ormai il sistema prevede che tutte le banche europee stiano insieme. Comunque, l'Italia non \u00e8 pi\u00f9 l'epicentro della crisi\". Cos\u00ec il presidente del Consiglio Matteo Renzi in diretta a Radio anch'io su Rai Radio Uno. \"Noi in Italia non siamo gli sfasciacarrozze, l'Italia non \u00e8 pi\u00f9 il malato d'Europa. Non c'\u00e8 pi\u00f9 il problema dell'Italia in Ue, ma c'\u00e8 una tensione generale per cui tutti dobbiamo lavorare\" a \"ridurre il debito\".<\/p>\n<p>\"Juncker non \u00e8 d'accordo? Le politiche di flessibilit\u00e0 sono un dato di fatto oggettivo della Commissione europea, \u00e8 stata questa commissione a rilanciare sulla flessibilit\u00e0\" commenta quindi Renzi. \"L'austerit\u00e0 non \u00e8 solo risparmio, ma \u00e8 pensare che si possa fare a meno della crescita e degli investimenti e che l'unico modello \u00e8 rigore e budget. Bisogna far ripartire la crescita\", ha concluso.<\/p>\n<p>\"In passato l'Europa ha pensato un po' troppo alle banche e un po' poco alle famiglie\" ha proseguito il premier a Radio Anch'Io. \"L'Europa in questi anni ha sbagliato politica economica. Guardiamo cosa hanno fatto gli Stati Uniti. Il mio obiettivo non \u00e8 avere pi\u00f9 flessibilit\u00e0 per l'Italia: oggi serve qualcosa di pi\u00f9 delle regole di Bruxelles e tutti dobbiamo farcene carico\".<\/p>\n<p>Il voto segreto \"lo decide il Parlamento, e lo dico con stima per il cardinal Bagnasco, e non la Cei\" dice quindi il premier a proposito del voto sul Ddl Cirinn\u00e0, aggiungendo che a lui \"piacerebbe molto l'idea che un parlamentare risponda del voto che d\u00e0 e lo spiega. Dopodich\u00e8 il regolamento del Parlamento prevede il voto segreto e se ci saranno le condizioni Grasso e non la Cei decider\u00e0\". \"Io sono molto contrario alla maternit\u00e0 surrogata e all'utero in affitto, si deve fare di pi\u00f9 per mettere al bando non solo in Italia ma anche in altri paesi il principio dell'utero in affitto\" ha aggiunto. Per\u00f2 sui diritti basta rinvii. \"Che paura fanno due persone che si amano, perch\u00e9 lo Stato deve impedire loro di avere dei diritti? Trovo il Paese e il Parlamento schierati a favore. Sull'utero in affitto vedo la stragrande maggioranza contraria e lo giudico positivo\".<\/p>\n<p>Matteo Renzi non \u00e8 \"n\u00e9 guastatore, n\u00e9 profeta: \u00e8 un capo di governo che parla chiaro, con idee chiare e un forte istinto politico. L'Europa ha bisogno di uno slancio in avanti perch\u00e9 lo status quo non \u00e8 sostenibile. A volte, per avanzare, pi\u00f9 che di piccoli passi si ha bisogno di una spinta. Renzi chiede all'Europa maggior ambizione? Non posso che essere d'accordo\". Lo dice in un'intervista a Repubblica il presidente del Parlamento europeo Martin Schulz che oggi incontra a Roma il premier italiano.<\/p>\n<p>&nbsp;<\/p>\n","protected":false},"excerpt":{"rendered":"<p>Roma, 12 Feb 2016 &#8211; &#8220;Noi soffriamo pi\u00f9 degli altri? Non siamo pi\u00f9 l&#8217;epicentro della crisi, come nel 2011 e nel 2012, i dati di&#8230;<\/p>\n","protected":false},"author":2,"featured_media":25932,"comment_status":"closed","ping_status":"closed","sticky":false,"template":"","format":"standard","meta":[],"categories":[49,50],"tags":[],"_links":{"self":[{"href":"https:\/\/www.cronacaonline.it\/index.php\/wp-json\/wp\/v2\/posts\/122831"}],"collection":[{"href":"https:\/\/www.cronacaonline.it\/index.php\/wp-json\/wp\/v2\/posts"}],"about":[{"href":"https:\/\/www.cronacaonline.it\/index.php\/wp-json\/wp\/v2\/types\/post"}],"author":[{"embeddable":true,"href":"https:\/\/www.cronacaonline.it\/index.php\/wp-json\/wp\/v2\/users\/2"}],"replies":[{"embeddable":true,"href":"https:\/\/www.cronacaonline.it\/index.php\/wp-json\/wp\/v2\/comments?post=122831"}],"version-history":[{"count":0,"href":"https:\/\/www.cronacaonline.it\/index.php\/wp-json\/wp\/v2\/posts\/122831\/revisions"}],"wp:featuredmedia":[{"embeddable":true,"href":"https:\/\/www.cronacaonline.it\/index.php\/wp-json\/"}],"wp:attachment":[{"href":"https:\/\/www.cronacaonline.it\/index.php\/wp-json\/wp\/v2\/media?parent=122831"}],"wp:term":[{"taxonomy":"category","embeddable":true,"href":"https:\/\/www.cronacaonline.it\/index.php\/wp-json\/wp\/v2\/categories?post=122831"},{"taxonomy":"post_tag","embeddable":true,"href":"https:\/\/www.cronacaonline.it\/index.php\/wp-json\/wp\/v2\/tags?post=122831"}],"curies":[{"name":"wp","href":"https:\/\/api.w.org\/{rel}","templated":true}]}}