{"id":122474,"date":"2016-02-03T14:34:17","date_gmt":"2016-02-03T13:34:17","guid":{"rendered":"http:\/\/www.cronacaonline.it\/public\/content\/?p=122474"},"modified":"2016-02-03T14:34:17","modified_gmt":"2016-02-03T13:34:17","slug":"meridiana-da-luglio-due-nuovi-voli-olbia-madrid-e-olbia-brescia","status":"publish","type":"post","link":"https:\/\/www.cronacaonline.it\/index.php\/2016\/02\/03\/meridiana-da-luglio-due-nuovi-voli-olbia-madrid-e-olbia-brescia\/","title":{"rendered":"Meridiana &#8211; Da luglio due nuovi voli: Olbia-Madrid e Olbia-Brescia"},"content":{"rendered":"<p>Olbia, 3 Feb 2016\u00a0\u2013 La compagnia aerea Meridiana lancia per la prossima stagione due nuovi linee: Olbia - Brescia e\u00a0Olbia - Madrid.\u00a0Questi collegamenti\u00a0vanno ad incrementare l\u2019offerta estiva della Compagnia sia\u00a0per frequenze e posti disponibili sia in termini di\u00a0destinazioni\u00a0servite\u00a0per un totale di 14 domestiche e 7 internazionali da e per il Costa Smeralda.<\/p>\n<p>Per quanto concerne il nuovo\u00a0collegamento internazionale per Madrid, Meridiana operer\u00e0 dal 25 luglio al 1\u00b0 settembre due frequenze settimanali verso lo capitale spagnola, il luned\u00ec e il gioved\u00ec. Da Olbia si parte alle 17.20 mentre il rientro da Madrid \u00e8 previsto alle 20.10; il tempo di\u00a0volo \u00e8 di circa due ore.\u00a0Questi operativi sono stati studiati per permettere di programmare sia un breve soggiorno sia una vacanza pi\u00f9 lunga,\u00a0rispondendo cos\u00ec alla crescente domanda dal nord della Sardegna per la capitale spagnola.<\/p>\n<p>Tariffe speciali per il lancio della nuova linea sono gi\u00e0 disponibili sul sito meridiana.com. e\u00a0partono da 65 euro per un volo di sola andata, tasse incluse.<\/p>\n<p>Per quanto riguarda\u00a0il volo per Brescia, dal 24 luglio al 4 settembre prossimi Meridiana decoller\u00e0 da Olbia verso lo scalo lombardo due volte la settimana. I voli sono previsti dalla Sardegna alle 19.45 il gioved\u00ec e alle 10.45 la domenica, mentre dall\u2019aeroporto di Brescia la partenza \u00e8 fissata il gioved\u00ec alle ore 21.40 e la domenica alle 12.40.<\/p>\n<p>Le tariffe promozionali sulla nuova rotta, gi\u00e0 in vendita sul sito della Compagnia, presso il Call Center o nelle agenzie di viaggio, partono da 35 euro per una sola andata, per persona, tasse incluse.<\/p>\n<p>Meridiana, nella stagione primavera estate 2016, oltre ai due nuovi voli per Madrid e Brescia, collegher\u00e0\u00a0Olbia con gli scali nazionali di Bari, Bergamo, Bologna, Catania, Firenze, Genova, Milano Linate e Malpensa, Napoli, Roma Fiumicino, Torino, Venezia e Verona e con gli aeroporti internazionali di\u00a0Londra, Marsiglia, Monaco di Baviera (via Linate), Mosca, Nizza e Parigi.<\/p>\n<p>Per maggiori dettagli, consultare il sito meridiana.com, contattare il Call Center 89.29.28 o la propria agenzia di viaggi di fiducia.<\/p>\n","protected":false},"excerpt":{"rendered":"<p>Olbia, 3 Feb 2016\u00a0\u2013 La compagnia aerea Meridiana lancia per la prossima stagione due nuovi linee: Olbia &#8211; Brescia e\u00a0Olbia &#8211; Madrid.\u00a0Questi collegamenti\u00a0vanno ad incrementare&#8230;<\/p>\n","protected":false},"author":2,"featured_media":116307,"comment_status":"closed","ping_status":"closed","sticky":false,"template":"","format":"standard","meta":[],"categories":[49,53],"tags":[],"_links":{"self":[{"href":"https:\/\/www.cronacaonline.it\/index.php\/wp-json\/wp\/v2\/posts\/122474"}],"collection":[{"href":"https:\/\/www.cronacaonline.it\/index.php\/wp-json\/wp\/v2\/posts"}],"about":[{"href":"https:\/\/www.cronacaonline.it\/index.php\/wp-json\/wp\/v2\/types\/post"}],"author":[{"embeddable":true,"href":"https:\/\/www.cronacaonline.it\/index.php\/wp-json\/wp\/v2\/users\/2"}],"replies":[{"embeddable":true,"href":"https:\/\/www.cronacaonline.it\/index.php\/wp-json\/wp\/v2\/comments?post=122474"}],"version-history":[{"count":0,"href":"https:\/\/www.cronacaonline.it\/index.php\/wp-json\/wp\/v2\/posts\/122474\/revisions"}],"wp:featuredmedia":[{"embeddable":true,"href":"https:\/\/www.cronacaonline.it\/index.php\/wp-json\/"}],"wp:attachment":[{"href":"https:\/\/www.cronacaonline.it\/index.php\/wp-json\/wp\/v2\/media?parent=122474"}],"wp:term":[{"taxonomy":"category","embeddable":true,"href":"https:\/\/www.cronacaonline.it\/index.php\/wp-json\/wp\/v2\/categories?post=122474"},{"taxonomy":"post_tag","embeddable":true,"href":"https:\/\/www.cronacaonline.it\/index.php\/wp-json\/wp\/v2\/tags?post=122474"}],"curies":[{"name":"wp","href":"https:\/\/api.w.org\/{rel}","templated":true}]}}