{"id":122299,"date":"2016-01-30T12:30:25","date_gmt":"2016-01-30T11:30:25","guid":{"rendered":"http:\/\/www.cronacaonline.it\/public\/content\/?p=122299"},"modified":"2016-01-30T12:30:25","modified_gmt":"2016-01-30T11:30:25","slug":"scoperto-ed-arrestato-dai-carabinieri-di-nuoro-lautore-dellomicidio-del-71enne-di-lula-antonio-longu","status":"publish","type":"post","link":"https:\/\/www.cronacaonline.it\/index.php\/2016\/01\/30\/scoperto-ed-arrestato-dai-carabinieri-di-nuoro-lautore-dellomicidio-del-71enne-di-lula-antonio-longu\/","title":{"rendered":"Scoperto ed arrestato dai carabinieri di Nuoro l\u2019autore dell\u2019omicidio del 71enne di Lula Antonio Longu."},"content":{"rendered":"<p>Nuoro, 30 Gen 2016 - Questa mattina, a Nuoro, i carabinieri del Nucleo Investigativo del Reparto Operativo del Comando Provinciale CC di Nuoro, coadiuvati da militari del Norm della Compagnia di Bitti (Nu), della Stazione di Lula (Nu) e dal Reparto CC Investigazioni Scientifiche di Cagliari, in esecuzione di ordinanza di custodia cautelare in carcere emessa dal gip del Tribunale di Nuoro, Claudio Cozzella, su richiesta del Pm, Andrea Jacopo Ghironi, che concordava pienamente con le risultanze investigative degli uomini dell\u2019Arma, hanno proceduto all\u2019arresto per omicidio volontario e detenzione e porto illegale di arma comune da sparo di Mario Faris, 76enne di Lula (Nu), pensionato, pregiudicato, attualmente ricoverato presso l\u2019ospedale \u201cZonchello\u201d di Nuoro, ritenuto l\u2019autore dell\u2019omicidio di Antonio Longu, 71enne di Lula, pensionato e suo vicino di casa.<\/p>\n<p>Le indagini, condotte con metodi tradizionali, hanno consentito agli investigatori del Maggiore Marco Keten, comandante del reparto operativo del comando provinciale cc nuorese, di raccogliere gravi, precisi e concordanti indizi di colpevolezza a carico del Faris gi\u00e0 nella stessa mattinata del fatto.<\/p>\n<p>Ricostruzione del fatto di sangue: Longu sarebbe stato ucciso la mattina del 8 gennaio scorso nel cortile della propria abitazione, alle ore 09.30 circa, con due colpi di arma da fuoco alla testa, di cui uno probabilmente sparato quando la vittima era gi\u00e0 a terra.<\/p>\n<p>Successivamente il Faris sarebbe fuggito a bordo della propria moto carrozzella \u201cApe\u201d verso Nuoro, dirigendosi dapprima all\u2019ospedale Zonchello e poi al pronto soccorso del San Francesco, lamentando problemi di salute.<\/p>\n<p>Fin dalle prime battute, i carabinieri hanno indirizzato le proprie ricerche verso l\u2019arrestato, in quanto vicino di casa della vittima, al momento irreperibile; conosciuto come persona irascibile, violenta e che in passato aveva minacciato in diverse occasioni pi\u00f9 persone, tra cui lo stesso Longu; con precedenti specifici, in quanto gi\u00e0 condannato a 24 anni di reclusione per l\u2019omicidio della moglie, avvenuto in Germania negli anni \u201970.<\/p>\n<p>Il presunto assassino, secondo le indagini, dopo aver compiuto l\u2019omicidio, ma prima che fosse dato l\u2019allarme, era stato notato da una pattuglia della Stazione Carabinieri di Lula a bordo del proprio mezzo sulla SS131 in localit\u00e0 e orario perfettamente compatibili con un suo coinvolgimento nel delitto. E il pensionato, a seguito di ricerche estese in tutta la provincia, \u00e8 stato individuato alle ore 12.00 circa del giorno del delitto, da una pattuglia della Stazione CC di Nuoro proprio all\u2019ospedale, dove \u00e8 stato subito interrogato, fornendo una versione dei fatti contraddittoria. Quindi \u00e8 stato sottoposto alla prova dello stub, dai tecnici del Ris di Cagliari che ha poi confermato la positivit\u00e0 dell\u2019esame, rinvenendo sulla persona e sugli abiti del Faris particelle considerate peculiari di esplosioni di colpi d\u2019arma da fuoco.<\/p>\n<p>Perci\u00f2 alla luce di queste evidenze, l\u2019Autorit\u00e0 Giudiziaria nuorese ha emesso la misura cautelare in carcere, eseguita questa mattina dai militari del Nucleo investigativo del Reparto Operativo del Comando Provinciale CC di Nuoro.<\/p>\n<p>Al momento l\u2019arma del delitto, verosimilmente una pistola cal. 7.65, non \u00e8 stata ancora rinvenuta.<\/p>\n<p>L\u2019arrestato \u00e8 temporaneamente trattenuto in stato di arresto presso l\u2019ospedale ma \u00e8 sorvegliato da agenti del Corpo di Polizia Penitenziaria del carcere di Nuoro.<\/p>\n<p><strong>\u00a0<\/strong><\/p>\n","protected":false},"excerpt":{"rendered":"<p>Nuoro, 30 Gen 2016 &#8211; Questa mattina, a Nuoro, i carabinieri del Nucleo Investigativo del Reparto Operativo del Comando Provinciale CC di Nuoro, coadiuvati da&#8230;<\/p>\n","protected":false},"author":2,"featured_media":122300,"comment_status":"closed","ping_status":"closed","sticky":false,"template":"","format":"standard","meta":[],"categories":[49,51,55],"tags":[],"_links":{"self":[{"href":"https:\/\/www.cronacaonline.it\/index.php\/wp-json\/wp\/v2\/posts\/122299"}],"collection":[{"href":"https:\/\/www.cronacaonline.it\/index.php\/wp-json\/wp\/v2\/posts"}],"about":[{"href":"https:\/\/www.cronacaonline.it\/index.php\/wp-json\/wp\/v2\/types\/post"}],"author":[{"embeddable":true,"href":"https:\/\/www.cronacaonline.it\/index.php\/wp-json\/wp\/v2\/users\/2"}],"replies":[{"embeddable":true,"href":"https:\/\/www.cronacaonline.it\/index.php\/wp-json\/wp\/v2\/comments?post=122299"}],"version-history":[{"count":0,"href":"https:\/\/www.cronacaonline.it\/index.php\/wp-json\/wp\/v2\/posts\/122299\/revisions"}],"wp:featuredmedia":[{"embeddable":true,"href":"https:\/\/www.cronacaonline.it\/index.php\/wp-json\/wp\/v2\/media\/122300"}],"wp:attachment":[{"href":"https:\/\/www.cronacaonline.it\/index.php\/wp-json\/wp\/v2\/media?parent=122299"}],"wp:term":[{"taxonomy":"category","embeddable":true,"href":"https:\/\/www.cronacaonline.it\/index.php\/wp-json\/wp\/v2\/categories?post=122299"},{"taxonomy":"post_tag","embeddable":true,"href":"https:\/\/www.cronacaonline.it\/index.php\/wp-json\/wp\/v2\/tags?post=122299"}],"curies":[{"name":"wp","href":"https:\/\/api.w.org\/{rel}","templated":true}]}}