{"id":122157,"date":"2016-01-27T12:13:00","date_gmt":"2016-01-27T11:13:00","guid":{"rendered":"http:\/\/www.cronacaonline.it\/public\/content\/?p=122157"},"modified":"2016-01-27T12:13:00","modified_gmt":"2016-01-27T11:13:00","slug":"rapine-e-sicurezza-a-sassari-dichiarazione-del-senatore-silvio-lai-pd-alfano-chiarisca","status":"publish","type":"post","link":"https:\/\/www.cronacaonline.it\/index.php\/2016\/01\/27\/rapine-e-sicurezza-a-sassari-dichiarazione-del-senatore-silvio-lai-pd-alfano-chiarisca\/","title":{"rendered":"Rapine e sicurezza a Sassari: dichiarazione del Senatore Silvio Lai (PD) \u2013 Alfano chiarisca"},"content":{"rendered":"<p>Roma, 27 Gen 2016 - \"Negli ultimi mesi il territorio e la citt\u00e0 di Sassari ed in particolare il suo centro storico sono stati oggetto di numerosi episodi di criminalit\u00e0 ai danni sia di esercizi commerciali che di singoli cittadini. Denunce che non paiono assolutamente in linea con il passato e che richiedono un intervento immediato per bloccare un fenomeno che sta assumendo contorni sempre pi\u00f9 preoccupanti.\" Lo scrivono in un'interrogazione urgente inviata al Ministro dell'Interno i senatori del PD Silvio Lai, Ignazio Angioni, Giuseppe Cucca e Luigi Manconi.<\/p>\n<p>\u201cNon abbiamo dubbi sull\u2019impegno delle forze dell\u2019ordine e di chi le guida, ma se i dati empirici ci segnalano un preoccupante aumento della microcriminalit\u00e0, dobbiamo andare alle origini economiche e sociali del fenomeno ma anche sostenere con tutte le risorse necessarie chi deve prevenire questi fatti,\u201d scrive il primo firmatario Silvio Lai.<\/p>\n<p>\"Solo nelle ultime settimane - si legge nell'interrogazione - si sono registrate due rapine a mano armata in pieno giorno, in altrettanti supermercati, di cui uno nel centro cittadino e l'altro nella borgata di Ottava. Sono in costante aumento le segnalazioni di furti avvenuti nella notte ai danni di esercenti che lamentano una preoccupante situazione di mancanza di sicurezza a causa proprio del moltiplicarsi di eventi di criminalit\u00e0. Ci sono casi di esercizi commerciali che sono stati oggetto di ripetuti furti con scasso, anche 4 episodi in un mese lo stesso esercizio, con conseguenze economiche gravi quanto gravi gli effetti psicologici e sanitari sulle vittime. Sempre in questi giorni \u00e8 sempre nel pieno centro cittadino si \u00e8 verificato l'ennesimo episodio di scippo ai danni di un'anziana signora che \u00e8 stata scaraventata per terra da un malvivente nel corso Vittorio Emanuele.\" Per i parlamentari la situazione va affrontata per scongiurare e prevenire ulteriori episodi e per garantire la sicurezza ai cittadini e ai commercianti, ma \u00e8 necessario capire se le forze dell\u2019ordine sono messe nelle condizioni di operare, per quantit\u00e0 e qualit\u00e0 delle risorse a disposizione.<\/p>\n<p>\"La citt\u00e0 di Sassari e il suo hinterland sono da sempre considerati territori con bassi indice di criminalit\u00e0. Un fatto che per\u00f2 non deve portare a non valutare con attenzione quel che si sta verificando nell'ultimo periodo. Lo stesso Questore di Sassari nel corso delle celebrazioni del 163esimo anniversario della fondazione della Polizia, tracciando un bilancio dell'attivit\u00e0 svolta ha ricordato la situazione di grave crisi del territorio affermando testualmente che: \"in questo preoccupante quadro si pu\u00f2 ingenerare delinquenza con l\u2019innalzamento del livello criminale, con potenziali ripercussioni sull\u2019ordine pubblico.\" \u00c8 quindi forte la richiesta da parte della popolazione e dei commercianti di un maggior presidio da parte delle forze dell'ordine.\" Lai, Angioni, Cucca e Manconi chiedono dunque al rappresentante del governo: \"quale sia la presenza delle forze dell'ordine, anche in rapporto a realt\u00e0 analoghe per territorio e popolazione, e se l'organico sia completo e adeguato alle esigenze di un crescente bisogno di protezione dei cittadini, se sia previsto un potenziamento dell'organico in ragione dello sblocco delle assunzioni autorizzato dalla recente legislazione nazionale, se non sia necessario, per garantire maggiore sicurezza alla popolazione, incrementare il presidio del territorio da parte delle forze dell'ordine.\"<\/p>\n","protected":false},"excerpt":{"rendered":"<p>Roma, 27 Gen 2016 &#8211; &#8220;Negli ultimi mesi il territorio e la citt\u00e0 di Sassari ed in particolare il suo centro storico sono stati oggetto&#8230;<\/p>\n","protected":false},"author":2,"featured_media":25144,"comment_status":"closed","ping_status":"closed","sticky":false,"template":"","format":"standard","meta":[],"categories":[49,51,52],"tags":[],"_links":{"self":[{"href":"https:\/\/www.cronacaonline.it\/index.php\/wp-json\/wp\/v2\/posts\/122157"}],"collection":[{"href":"https:\/\/www.cronacaonline.it\/index.php\/wp-json\/wp\/v2\/posts"}],"about":[{"href":"https:\/\/www.cronacaonline.it\/index.php\/wp-json\/wp\/v2\/types\/post"}],"author":[{"embeddable":true,"href":"https:\/\/www.cronacaonline.it\/index.php\/wp-json\/wp\/v2\/users\/2"}],"replies":[{"embeddable":true,"href":"https:\/\/www.cronacaonline.it\/index.php\/wp-json\/wp\/v2\/comments?post=122157"}],"version-history":[{"count":0,"href":"https:\/\/www.cronacaonline.it\/index.php\/wp-json\/wp\/v2\/posts\/122157\/revisions"}],"wp:featuredmedia":[{"embeddable":true,"href":"https:\/\/www.cronacaonline.it\/index.php\/wp-json\/"}],"wp:attachment":[{"href":"https:\/\/www.cronacaonline.it\/index.php\/wp-json\/wp\/v2\/media?parent=122157"}],"wp:term":[{"taxonomy":"category","embeddable":true,"href":"https:\/\/www.cronacaonline.it\/index.php\/wp-json\/wp\/v2\/categories?post=122157"},{"taxonomy":"post_tag","embeddable":true,"href":"https:\/\/www.cronacaonline.it\/index.php\/wp-json\/wp\/v2\/tags?post=122157"}],"curies":[{"name":"wp","href":"https:\/\/api.w.org\/{rel}","templated":true}]}}