{"id":122141,"date":"2016-01-27T10:56:26","date_gmt":"2016-01-27T09:56:26","guid":{"rendered":"http:\/\/www.cronacaonline.it\/public\/content\/?p=122141"},"modified":"2016-01-27T10:56:26","modified_gmt":"2016-01-27T09:56:26","slug":"il-comune-di-cagliari-e-visit-south-sardinia-alla-etis-joint-conference-2016-di-bruxelles","status":"publish","type":"post","link":"https:\/\/www.cronacaonline.it\/index.php\/2016\/01\/27\/il-comune-di-cagliari-e-visit-south-sardinia-alla-etis-joint-conference-2016-di-bruxelles\/","title":{"rendered":"Il comune di Cagliari e Visit South Sardinia alla \u201cEtis Joint Conference 2016\u201d di Bruxelles"},"content":{"rendered":"<p>Cagliari, 27 Gen 2016 - Domani, 28 gennaio 2016, si terr\u00e0 a Bruxelles la \u201cETIS Joint Conference 2016\u201d che coinvolger\u00e0 circa 300 delegati nell\u2019ambito della conferenza della Commissione Europea \u201cManaging and Promoting Sustainable and Accessibile Tourism Destinations\u201d. Interverranno anche l'assessore al Turismo del Comune di Cagliari, Barbara Argiolas, Patrizia Modica, docente della Facolt\u00e0 di Scienze economiche, giuridiche e politiche, Fabrizio Atzori, direttore dell'Area marina protetta di Villasimius e la sindaca Concetta Spada del Comune di Domus De Maria, per rappresentare il Sud Sardegna come destinazione che si \u00e8 distinta in Europa durante la fase pilota di sperimentazione del sistema ETIS (European Tourism Indicator System for sustainable destinations).<br \/>\nIl convegno si propone di evidenziare i risultati dell'attuazione del sistema di indicatori europeo del turismo (ETIS) al termine di due anni della sua fase pilota e conoscerne la valutazione finale. L'occasione sar\u00e0 propizia anche per esplorare possibili sinergie e le complementarit\u00e0 tra ETIS e altre iniziative di valutazioni turistiche esistenti a livello europeo e internazionale. Tra le novit\u00e0 rilevanti vi \u00e8 l'istituzione di un network online della Commissione tra le destinazioni ETIS, ma soprattutto l'intenzione di legare ETIS a una Certificazione simile ad EMAS. La conferenza avr\u00e0 anche un focus specifico sul tema del turismo accessibile.<br \/>\nTra le prossime iniziative 2016, la partecipazione all'award ETIS che verr\u00e0 assegnato in Commissione Europea nei prossimi mesi, alla destinazione che si considerer\u00e0 come distinta tra tutte in Europa per l'implementazione di ETIS.<br \/>\nVisit South Sardinia ha partecipato alla fase pilota di sperimentazione del sistema ETIS, distinguendosi tra circa 200 destinazioni\u00a0 in tutta Europa.<br \/>\nL'assessore Argiolas ha commentato: \u201cCagliari \u00e8 il simbolo di una citt\u00e0 in profonda trasformazione che sta lavorando per rendere attraente la citt\u00e0 dapprima ai suoi cittadini e quindi ai turisti. In soli quattro anni, abbiamo delineato e perseguito un ambizioso disegno di cambiamento sociale e culturale, progettazione e rigenerazione urbana, scegliendo sempre virtuosi canali di sostenibilit\u00e0 e innovazione, accettando nuove sfide. Attrarre e collaborare con i comuni e gli attori economici di tutto il Sud Sardegna, senza mai sottrarsi a sottoporsi a criteri scientifici oggettivi, \u00e8 prova della determinazione che ci vede\u00a0oggi\u00a0protagonisti in Europa. Questa \u00e8 anche l'occasione per accrescere la nostra notoriet\u00e0 in Europa in materia di sostenibilit\u00e0 nell'ambito delle destinazioni turistiche e rafforzare la nostra capacit\u00e0 di attrarre domanda\u201d.<br \/>\nIl focus dell\u2019intervento di Patrizia Modica che interverr\u00e0 ai lavori della mattina, sar\u00e0 l\u2019esperienza maturata nel territorio del Sud Sardegna, che coinvolge i comuni di Cagliari, Domus De Maria, Muravera, Pula, Villasimius, dal 2013 fino ad\u00a0oggi. Un percorso di miglioramento continuo della misurazione degli impatti delle attivit\u00e0 turistiche sull\u2019ambiente, l\u2019economia e la comunit\u00e0, che \u00e8 culminato nell\u2019estate 2015 con la rilevazione effettuata sul territorio, dagli studenti del Corso di Laurea in Economia e Gestione dei Servizi Turistici, con la somministrazione di 1.181 questionari a turisti e residenti. Verr\u00e0 evidenziato il ruolo chiave dell\u2019Universit\u00e0 nella diffusione, tra gli stakeholder pubblici e privati, della Cultura della Sostenibilit\u00e0 e dell\u2019Accessibilit\u00e0.<br \/>\nIl progetto ha visto la collaborazione: di un team dell\u2019Universit\u00e0 di Milano Bicocca con Alessandro Capocchi, Ilaria Foroni e Mariangela Zenga; di LouiseTwining-Ward, presidente e CEO di Sustainable Travel International, New York USA, valutatore internazionale della sostenibilit\u00e0 nella Destinazione, nell\u2019estate 2013 per GSTC \u2013 Global Sustainable Tourism Council; di Emi Kaiwa, Tourism Advisor presso Oriental Consultants Co. Ltd, Tokio Japan.<br \/>\nCagliari, insieme a Visit South Sardinia \u00e8 stata valutata nel 2014 secondo i criteri del Global Sustainable Tourism Council (GSTC) sulla sostenibilit\u00e0 delle destinazioni turistiche, un'iniziativa globale dedicata a promuovere iniziative di turismo sostenibile in tutto il mondo. Com<\/p>\n","protected":false},"excerpt":{"rendered":"<p>Cagliari, 27 Gen 2016 &#8211; Domani, 28 gennaio 2016, si terr\u00e0 a Bruxelles la \u201cETIS Joint Conference 2016\u201d che coinvolger\u00e0 circa 300 delegati nell\u2019ambito della&#8230;<\/p>\n","protected":false},"author":2,"featured_media":2162,"comment_status":"closed","ping_status":"closed","sticky":false,"template":"","format":"standard","meta":[],"categories":[49,53],"tags":[],"_links":{"self":[{"href":"https:\/\/www.cronacaonline.it\/index.php\/wp-json\/wp\/v2\/posts\/122141"}],"collection":[{"href":"https:\/\/www.cronacaonline.it\/index.php\/wp-json\/wp\/v2\/posts"}],"about":[{"href":"https:\/\/www.cronacaonline.it\/index.php\/wp-json\/wp\/v2\/types\/post"}],"author":[{"embeddable":true,"href":"https:\/\/www.cronacaonline.it\/index.php\/wp-json\/wp\/v2\/users\/2"}],"replies":[{"embeddable":true,"href":"https:\/\/www.cronacaonline.it\/index.php\/wp-json\/wp\/v2\/comments?post=122141"}],"version-history":[{"count":0,"href":"https:\/\/www.cronacaonline.it\/index.php\/wp-json\/wp\/v2\/posts\/122141\/revisions"}],"wp:featuredmedia":[{"embeddable":true,"href":"https:\/\/www.cronacaonline.it\/index.php\/wp-json\/wp\/v2\/media\/2162"}],"wp:attachment":[{"href":"https:\/\/www.cronacaonline.it\/index.php\/wp-json\/wp\/v2\/media?parent=122141"}],"wp:term":[{"taxonomy":"category","embeddable":true,"href":"https:\/\/www.cronacaonline.it\/index.php\/wp-json\/wp\/v2\/categories?post=122141"},{"taxonomy":"post_tag","embeddable":true,"href":"https:\/\/www.cronacaonline.it\/index.php\/wp-json\/wp\/v2\/tags?post=122141"}],"curies":[{"name":"wp","href":"https:\/\/api.w.org\/{rel}","templated":true}]}}