{"id":121912,"date":"2016-01-21T08:58:46","date_gmt":"2016-01-21T07:58:46","guid":{"rendered":"http:\/\/www.cronacaonline.it\/public\/content\/?p=121912"},"modified":"2016-01-21T08:58:46","modified_gmt":"2016-01-21T07:58:46","slug":"scuola-licenziamento-dei-fannulloni-e-taglio-partecipate-il-consiglio-dei-ministri-approva-i-decreti-attuativi","status":"publish","type":"post","link":"https:\/\/www.cronacaonline.it\/index.php\/2016\/01\/21\/scuola-licenziamento-dei-fannulloni-e-taglio-partecipate-il-consiglio-dei-ministri-approva-i-decreti-attuativi\/","title":{"rendered":"Scuola, licenziamento dei fannulloni e taglio partecipate: il Consiglio dei Ministri approva i decreti attuativi."},"content":{"rendered":"<p>Roma, 21 Gen 2016 - Via libera nella notte ai primi 11 decreti attuativi della riforma della Pubblica amministrazione che passeranno ora al vaglio del Parlamento. Varate le nuove norme sul licenziamento pi\u00f9 rapido per i dipendenti pubblici che truffano sulla presenza al lavoro, e le nuove classi di concorso della scuola, provvedimenti che saranno al centro della conferenza stampa del premier Renzi e dei ministri Madia e Giannini prevista a partire dalle 9 di stamani. Altre norme importanti riguardano l'accorpamento del corpo Forestale ai Carabinieri e il riordino della normativa sui porti. Infine le nomine: Carlo Calenda sar\u00e0 alla guida della delegazione italiana a Bruxelles, Maria Angela Zappia \u00e8 invece il nuovo consigliere diplomatico di Palazzo Chigi.<\/p>\n<p>Esce dal pacchetto Madia il decreto di riordino delle Camere di Commercio ed entra il provvedimento per la semplificazione della Scia. E' quanto emerge da fonti vicine al dossier. Il dlgs che porter\u00e0 a ridurre le camere di commercio \u00e8 rinviato, mentre vengono anticipate le novit\u00e0 in fatto di Segnalazione certificata di inizio attivit\u00e0, cos\u00ec da fare ordine sui casi per cui \u00e8 necessaria l'autorizzazione espressa e quelli per cui non lo \u00e8. Il riordino delle Camere di Commercio L\u2019applicazione delle norme a regime porterebbe un taglio dell\u2019organico delle Camere di Commercio. La riduzione degli organici dovrebbe portare a corrispondenti risparmi di spesa e poggerebbe sulla razionalizzazione degli uffici che svolgono funzioni di supporto e strumentali (gestione del personale, ragioneria, affari generali) o che rappresentino duplicazioni o sovrapposizioni di compiti.<\/p>\n<p>Il riordino dovrebbe essere scritto e approvato dalle Camere di Commercio entro 90 giorni dall\u2019entrata in vigore delle misure in questione. Quanto alle Camere di Commercio che nasceranno dagli accorpamenti (il decreto prevede di passare da 105 a 60), i piani di razionalizzazione dovrebbero essere adottati entro tre mesi dall\u2019insediamento dei nuovi Consigli camerali e, sempre a regime, la stretta dovrebbe consentire una riduzione del personale che svolge funzioni di supporto e strumentali di almeno il 25%. La riduzione della pianta organica, per\u00f2, dovrebbe avvenire senza licenziamenti, ma attraverso un blocco delle assunzioni e l\u2019eventuale ricorso alla mobilit\u00e0.<\/p>\n<p>\"Abbiamo in progetto un meccanismo tipo quello delle Province, con il ricollocamento del personale laddove ce n'\u00e8 bisogno\", ci\u00f2 sia per quanto riguarda le partecipate pubbliche sia le Camere di Commercio. Cos\u00ec il ministro della Pubblica amministrazione, Marianna Madia, ha spiegato come verr\u00e0 gestita la sforbiciata alle partecipate degli enti pubblici<\/p>\n","protected":false},"excerpt":{"rendered":"<p>Roma, 21 Gen 2016 &#8211; Via libera nella notte ai primi 11 decreti attuativi della riforma della Pubblica amministrazione che passeranno ora al vaglio del&#8230;<\/p>\n","protected":false},"author":2,"featured_media":121913,"comment_status":"closed","ping_status":"closed","sticky":false,"template":"","format":"standard","meta":[],"categories":[49,50],"tags":[],"_links":{"self":[{"href":"https:\/\/www.cronacaonline.it\/index.php\/wp-json\/wp\/v2\/posts\/121912"}],"collection":[{"href":"https:\/\/www.cronacaonline.it\/index.php\/wp-json\/wp\/v2\/posts"}],"about":[{"href":"https:\/\/www.cronacaonline.it\/index.php\/wp-json\/wp\/v2\/types\/post"}],"author":[{"embeddable":true,"href":"https:\/\/www.cronacaonline.it\/index.php\/wp-json\/wp\/v2\/users\/2"}],"replies":[{"embeddable":true,"href":"https:\/\/www.cronacaonline.it\/index.php\/wp-json\/wp\/v2\/comments?post=121912"}],"version-history":[{"count":0,"href":"https:\/\/www.cronacaonline.it\/index.php\/wp-json\/wp\/v2\/posts\/121912\/revisions"}],"wp:featuredmedia":[{"embeddable":true,"href":"https:\/\/www.cronacaonline.it\/index.php\/wp-json\/wp\/v2\/media\/121913"}],"wp:attachment":[{"href":"https:\/\/www.cronacaonline.it\/index.php\/wp-json\/wp\/v2\/media?parent=121912"}],"wp:term":[{"taxonomy":"category","embeddable":true,"href":"https:\/\/www.cronacaonline.it\/index.php\/wp-json\/wp\/v2\/categories?post=121912"},{"taxonomy":"post_tag","embeddable":true,"href":"https:\/\/www.cronacaonline.it\/index.php\/wp-json\/wp\/v2\/tags?post=121912"}],"curies":[{"name":"wp","href":"https:\/\/api.w.org\/{rel}","templated":true}]}}