{"id":121820,"date":"2016-01-19T11:21:29","date_gmt":"2016-01-19T10:21:29","guid":{"rendered":"http:\/\/www.cronacaonline.it\/public\/content\/?p=121820"},"modified":"2016-01-19T11:21:29","modified_gmt":"2016-01-19T10:21:29","slug":"giovane-pregiudicato-di-terralba-arrestato-dai-carabinieri-per-rapina-2","status":"publish","type":"post","link":"https:\/\/www.cronacaonline.it\/index.php\/2016\/01\/19\/giovane-pregiudicato-di-terralba-arrestato-dai-carabinieri-per-rapina-2\/","title":{"rendered":"Giovane pregiudicato di Terralba arrestato dai carabinieri per rapina"},"content":{"rendered":"<p>Terralba (Or), 19 Gen 2016 - Intorno alle ore 20.00\u00a0di ieri sera, a Terralba presso la \u201ctabaccheria Abis\u201d di via Manca, un individuo mascherato e armato di pistola, \u00e8 penetrato all\u2019interno del locale e sotto la minaccia dell\u2019arma, ha costretto la\u00a0commessa a consegnare l\u2019incasso della serata, consistente in soli 100 euro circa.<\/p>\n<p>Quindi la ragazza ha fatto scattare l\u2019allarme tramite il 112 e i Carabinieri della Stazione\u00a0di Terralba, giunti immediatamente sul posto, essendo gi\u00e0 impegnati in un servizio preventivo di controllo del territorio, hanno raccolto i primi elementi. Poco dopo sul luogo della Rapina \u00e8 giunto il personale del Nucleo Operativo Radiomobile della compagnia di Oristano che hanno visionato le immagini di videosorveglianza interna dell\u2019esercizio\u00a0commerciale e tramite queste \u00e8 stato individuato il presunto responsabile essendo gi\u00e0 noto ai militari della Stazione cc di Terralba.<\/p>\n<p>Perci\u00f2 \u00e8 stata organizzata una perquisizione locale presso il domicilio del presunto colpevole, fra l\u2019altro abitante nella stessa via della rivendita, dove \u00e8 stato localizzato e con indosso ancora i vestiti utilizzati per la rapina. A questo punto \u00e8 scattata anche la perquisizione personale ed il giovane \u00e8 stato trovato ancora in possesso di una \u201creplica\u201d di pistola Beretta 92 FS priva di tappo rosso, che \u00e8 stata sequestrata. Il denaro non \u00e8 stato rinvenuto.<\/p>\n<p>Raccolti tutti gli elementi del fatto-reato il giovane,\u00a0U.M.\u00a0di 26 anni, disoccupato e pregiudicato, gi\u00e0 denunciato i giorni scorsi dai Carabinieri di Terralba, per il furto commesso in concorso con un minore, presso un altro esercizio pubblico del territorio\u00a0(notizia fra l\u2019altro appresa dai Carabinieri di Terralba attraverso la lettura di un quotidiano, poich\u00e9 la parte offesa dal reato aveva ricevuto dai genitori dei due giovani la rifusione del danno subito e non aveva quindi provveduto a denunciare il fatto ai Carabinieri, salvo \u201cpostare\u201d su Facebook l\u2019accaduto, che ha fatto scaturire la notizia stampa), \u00e8 stato quindi dichiarato in arresto per rapina e poi associato presso la Casa Circondariale di Massama a disposizione del P.M. di turno.<\/p>\n","protected":false},"excerpt":{"rendered":"<p>Terralba (Or), 19 Gen 2016 &#8211; Intorno alle ore 20.00\u00a0di ieri sera, a Terralba presso la \u201ctabaccheria Abis\u201d di via Manca, un individuo mascherato e&#8230;<\/p>\n","protected":false},"author":2,"featured_media":121546,"comment_status":"closed","ping_status":"closed","sticky":false,"template":"","format":"standard","meta":[],"categories":[49,55],"tags":[],"_links":{"self":[{"href":"https:\/\/www.cronacaonline.it\/index.php\/wp-json\/wp\/v2\/posts\/121820"}],"collection":[{"href":"https:\/\/www.cronacaonline.it\/index.php\/wp-json\/wp\/v2\/posts"}],"about":[{"href":"https:\/\/www.cronacaonline.it\/index.php\/wp-json\/wp\/v2\/types\/post"}],"author":[{"embeddable":true,"href":"https:\/\/www.cronacaonline.it\/index.php\/wp-json\/wp\/v2\/users\/2"}],"replies":[{"embeddable":true,"href":"https:\/\/www.cronacaonline.it\/index.php\/wp-json\/wp\/v2\/comments?post=121820"}],"version-history":[{"count":0,"href":"https:\/\/www.cronacaonline.it\/index.php\/wp-json\/wp\/v2\/posts\/121820\/revisions"}],"wp:featuredmedia":[{"embeddable":true,"href":"https:\/\/www.cronacaonline.it\/index.php\/wp-json\/wp\/v2\/media\/121546"}],"wp:attachment":[{"href":"https:\/\/www.cronacaonline.it\/index.php\/wp-json\/wp\/v2\/media?parent=121820"}],"wp:term":[{"taxonomy":"category","embeddable":true,"href":"https:\/\/www.cronacaonline.it\/index.php\/wp-json\/wp\/v2\/categories?post=121820"},{"taxonomy":"post_tag","embeddable":true,"href":"https:\/\/www.cronacaonline.it\/index.php\/wp-json\/wp\/v2\/tags?post=121820"}],"curies":[{"name":"wp","href":"https:\/\/api.w.org\/{rel}","templated":true}]}}