{"id":121801,"date":"2016-01-19T10:44:30","date_gmt":"2016-01-19T09:44:30","guid":{"rendered":"http:\/\/www.cronacaonline.it\/public\/content\/?p=121801"},"modified":"2016-01-19T10:44:30","modified_gmt":"2016-01-19T09:44:30","slug":"tremendo-impatto-tra-due-treni-della-metropolitana-leggera-di-cagliari-30-passeggeri-feriti-un-conducente-ferito-in-modo-grave","status":"publish","type":"post","link":"https:\/\/www.cronacaonline.it\/index.php\/2016\/01\/19\/tremendo-impatto-tra-due-treni-della-metropolitana-leggera-di-cagliari-30-passeggeri-feriti-un-conducente-ferito-in-modo-grave\/","title":{"rendered":"Tremendo impatto tra due treni della metropolitana leggera di Cagliari: 74 passeggeri rimasti feriti"},"content":{"rendered":"<p>Cagliari, 19 Gen 2016 - Tremendo impatto questa mattina a Cagliari, tra due treni della metropolitana\u00a0leggera del capoluogo sardo. I convoglio si sono scontrati alle ore 8.15 circa, in via Vesalio. Nell\u2019impatto 74 passeggeri sono rimasti contusi o feriti. Nessuno \u00e8 in gravi condizioni, escluso il conducente di uno dei due treni rimasto incastrato nelle lamiere per poi essere estratto dai vigili del fuoco immediatamente intervenuti sul luogo dell'incidente e da quanto si \u00e8 potuto sapere finora, l'uomo non \u00e8 comunque in pericolo di vita.<\/p>\n<p>Sul posto, subito dopo l\u2019allarme, sono intervenuti, oltre ai vigili, sette ambulanze del 118 e gli agenti della polizia municipale.<\/p>\n<p>Con tutta probabilit\u00e0, essendo quello in cui viaggia la metropolitana un binario unico, non ha funzionato uno scambi perci\u00f2 i due treni che, pure non viaggiano a velocit\u00e0 sostenuta, si sono trovati l'uno di fronte all'altro per cui il devastante impatto \u00e8 stato inevitabile.<\/p>\n<p>\"I nostri ingegneri sono qui al\u00a0lavoro, al momento non sono in grado di spiegare nel dettaglio\u00a0la dinamica, abbiamo avviato tutti gli accertamenti, speriamo di\u00a0riuscire a sapere presto tutto. La cosa certa \u00e8 che c'\u00e8\u00a0sicuramente un errore umano\". Lo ha detto Giovanni Caria, amministratore unico\u00a0dell'Arst (l'azienda di trasporti regionale che gestisce anche\u00a0il servizio di metro leggera), giunto sul posto\u00a0dell'incidente. \"Uno dei macchinisti \u00e8 rimasto ferito gravemente \u2013 ha aggiunto - i feriti sono stati soccorsi subito, ora\u00a0stiamo facendo il possibile per accertare la dinamica\u00a0dell'incidente\".<\/p>\n<p>A bordo dei due tram di superficie ci sono le scatole nere,\u00a0l'Arst attende di poterne visionare il contenuto per ricostruire\u00a0ogni dettaglio di quanto accaduto.\u00a0 I soccorsi Sul posto sono intervenuti, oltre ai vigili, sette ambulanze del 118 e gli agenti della polizia municipale. Con tutta probabilit\u00e0, essendo quello in cui viaggia la metropolitana un binario unico, non ha funzionato uno scambio per cui i treni che, pure non viaggiano a velocit\u00e0 sostenuta, si sono trovati l'uno di fronte all'altro per cui l'impatto \u00e8 stato inevitabile.<\/p>\n","protected":false},"excerpt":{"rendered":"<p>Cagliari, 19 Gen 2016 &#8211; Tremendo impatto questa mattina a Cagliari, tra due treni della metropolitana\u00a0leggera del capoluogo sardo. I convoglio si sono scontrati alle&#8230;<\/p>\n","protected":false},"author":2,"featured_media":121814,"comment_status":"closed","ping_status":"closed","sticky":false,"template":"","format":"standard","meta":[],"categories":[49,51,55],"tags":[],"_links":{"self":[{"href":"https:\/\/www.cronacaonline.it\/index.php\/wp-json\/wp\/v2\/posts\/121801"}],"collection":[{"href":"https:\/\/www.cronacaonline.it\/index.php\/wp-json\/wp\/v2\/posts"}],"about":[{"href":"https:\/\/www.cronacaonline.it\/index.php\/wp-json\/wp\/v2\/types\/post"}],"author":[{"embeddable":true,"href":"https:\/\/www.cronacaonline.it\/index.php\/wp-json\/wp\/v2\/users\/2"}],"replies":[{"embeddable":true,"href":"https:\/\/www.cronacaonline.it\/index.php\/wp-json\/wp\/v2\/comments?post=121801"}],"version-history":[{"count":0,"href":"https:\/\/www.cronacaonline.it\/index.php\/wp-json\/wp\/v2\/posts\/121801\/revisions"}],"wp:featuredmedia":[{"embeddable":true,"href":"https:\/\/www.cronacaonline.it\/index.php\/wp-json\/wp\/v2\/media\/121814"}],"wp:attachment":[{"href":"https:\/\/www.cronacaonline.it\/index.php\/wp-json\/wp\/v2\/media?parent=121801"}],"wp:term":[{"taxonomy":"category","embeddable":true,"href":"https:\/\/www.cronacaonline.it\/index.php\/wp-json\/wp\/v2\/categories?post=121801"},{"taxonomy":"post_tag","embeddable":true,"href":"https:\/\/www.cronacaonline.it\/index.php\/wp-json\/wp\/v2\/tags?post=121801"}],"curies":[{"name":"wp","href":"https:\/\/api.w.org\/{rel}","templated":true}]}}