{"id":121742,"date":"2016-01-16T11:09:54","date_gmt":"2016-01-16T10:09:54","guid":{"rendered":"http:\/\/www.cronacaonline.it\/public\/content\/?p=121742"},"modified":"2016-01-16T11:09:54","modified_gmt":"2016-01-16T10:09:54","slug":"ventenne-pregiudicato-di-cagliari-arrestato-dai-carabinieri-per-detenzione-ai-fini-di-spaccio-di-stupefacenti","status":"publish","type":"post","link":"https:\/\/www.cronacaonline.it\/index.php\/2016\/01\/16\/ventenne-pregiudicato-di-cagliari-arrestato-dai-carabinieri-per-detenzione-ai-fini-di-spaccio-di-stupefacenti\/","title":{"rendered":"Ventenne pregiudicato di Cagliari arrestato dai carabinieri per detenzione ai fini di spaccio di stupefacenti."},"content":{"rendered":"<p>Cagliari, 16 Gen 2016 - Alle ore 21:00 circa di ieri, a Cagliari, in via Piero Della Francesca, i carabinieri del N.o.r.m. - Aliquota radiomobile della compagnia del capoluogo sardo, nel corso di uno specifico servizio antidroga, hanno arrestato per detenzione ai fini di spaccio di stupefacenti, Matteo Perra, di 20 anni, disoccupato, pregiudicato, di Cagliari.<\/p>\n<p>Il ragazzo, sottoposto a perquisizione personale e locale, i militari lo hanno trovato in possesso di 2,5 grammi di cocaina, di circa 50 grammi di marijuana e 320,00 euro in contanti. Il tutto dopo il ritrovamento \u00e8 stato sottoposto a sequestro ed il giovane dopo le formalit\u00e0 di legge \u00e8 stato trattenuto presso le camere di sicurezza del comando Stazione cc di Ca\/Villanova, in attesa del rito direttissimo.<\/p>\n","protected":false},"excerpt":{"rendered":"<p>Cagliari, 16 Gen 2016 &#8211; Alle ore 21:00 circa di ieri, a Cagliari, in via Piero Della Francesca, i carabinieri del N.o.r.m. &#8211; Aliquota radiomobile&#8230;<\/p>\n","protected":false},"author":2,"featured_media":121743,"comment_status":"closed","ping_status":"closed","sticky":false,"template":"","format":"standard","meta":[],"categories":[49,55],"tags":[],"_links":{"self":[{"href":"https:\/\/www.cronacaonline.it\/index.php\/wp-json\/wp\/v2\/posts\/121742"}],"collection":[{"href":"https:\/\/www.cronacaonline.it\/index.php\/wp-json\/wp\/v2\/posts"}],"about":[{"href":"https:\/\/www.cronacaonline.it\/index.php\/wp-json\/wp\/v2\/types\/post"}],"author":[{"embeddable":true,"href":"https:\/\/www.cronacaonline.it\/index.php\/wp-json\/wp\/v2\/users\/2"}],"replies":[{"embeddable":true,"href":"https:\/\/www.cronacaonline.it\/index.php\/wp-json\/wp\/v2\/comments?post=121742"}],"version-history":[{"count":0,"href":"https:\/\/www.cronacaonline.it\/index.php\/wp-json\/wp\/v2\/posts\/121742\/revisions"}],"wp:featuredmedia":[{"embeddable":true,"href":"https:\/\/www.cronacaonline.it\/index.php\/wp-json\/wp\/v2\/media\/121743"}],"wp:attachment":[{"href":"https:\/\/www.cronacaonline.it\/index.php\/wp-json\/wp\/v2\/media?parent=121742"}],"wp:term":[{"taxonomy":"category","embeddable":true,"href":"https:\/\/www.cronacaonline.it\/index.php\/wp-json\/wp\/v2\/categories?post=121742"},{"taxonomy":"post_tag","embeddable":true,"href":"https:\/\/www.cronacaonline.it\/index.php\/wp-json\/wp\/v2\/tags?post=121742"}],"curies":[{"name":"wp","href":"https:\/\/api.w.org\/{rel}","templated":true}]}}