{"id":120913,"date":"2015-12-20T09:27:39","date_gmt":"2015-12-20T08:27:39","guid":{"rendered":"http:\/\/www.cronacaonline.it\/public\/content\/?p=120913"},"modified":"2015-12-20T09:27:39","modified_gmt":"2015-12-20T08:27:39","slug":"immigrazione-clandestina-fermati-22-algerini-giunti-sulle-coste-meridionali-sarde-e-uno-di-loro-arrestato-perche-ritenuto-lo-scafista","status":"publish","type":"post","link":"https:\/\/www.cronacaonline.it\/index.php\/2015\/12\/20\/immigrazione-clandestina-fermati-22-algerini-giunti-sulle-coste-meridionali-sarde-e-uno-di-loro-arrestato-perche-ritenuto-lo-scafista\/","title":{"rendered":"Immigrazione clandestina: fermati 22 algerini giunti sulle coste meridionali sarde e uno di loro arrestato perch\u00e9 ritenuto lo scafista."},"content":{"rendered":"<p>Carbonia, 20 Dic 2015 - Alle ore 15.15 di ieri pomeriggio, a Teulada (Ca), presso il porticciolo turistico, i carabinieri della Stazione del paese, inviati sul posto assieme ai colleghi della Stazione cc di Santadi (Ca), hanno rintracciato e fermato 22 extracomunitari di \u00a0probabile nazionalit\u00e0 algerina, tutti di sesso maschile, adulti, in buone condizioni di salute, poco prima sbarcati presso porticciolo a bordo di un\u2019imbarcazione in legno lunga sei metri con motore fuoribordo che \u00e8 stato, prima di entrare in porto, sganciato in mare da uno degli occupanti. All\u2019arrivo della barca al porticciolo turistico era\u00a0presente un pescatore del luogo, il quale ha dato l\u2019allarme e riferito successivamente ai militari le circostanze dello sbarco.<\/p>\n<p>Alle ore 23.10, a Teulada sempre i carabinieri della locale Stazione cc al termine degli accertamenti, dopo aver sentito il testimone dello sbarco, il quale riferiva i particolari relativi all\u2019arrivo del natante, hanno arrestato per favoreggiamento dell\u2019immigrazione clandestina,\u00a0Junan Mohamed, di 26 anni, nato in Algeria, poich\u00e9 gli uomini dell\u2019Arma nel frattempo aveva acquisito gli elementi che lo hanno fatto identificare come lo scafista del natante che trasportava i 22 migranti.<\/p>\n<p>Il giovane, dopo le formalit\u00e0 di rito, \u00e8 rinchiuso presso la casa circondariale di Uta (Ca) dove rimarr\u00e0 a disposizione dell\u2019A.G., mentre gli altri compagni di viaggio dopo le prime formalit\u00e0 di rito, sono stati trasferiti presso Il C.A.R.A. di Cagliari \u2013 Elmas per il proseguo delle attivit\u00e0 di identificazione.<\/p>\n","protected":false},"excerpt":{"rendered":"<p>Carbonia, 20 Dic 2015 &#8211; Alle ore 15.15 di ieri pomeriggio, a Teulada (Ca), presso il porticciolo turistico, i carabinieri della Stazione del paese, inviati&#8230;<\/p>\n","protected":false},"author":2,"featured_media":24298,"comment_status":"closed","ping_status":"closed","sticky":false,"template":"","format":"standard","meta":[],"categories":[49,55],"tags":[],"_links":{"self":[{"href":"https:\/\/www.cronacaonline.it\/index.php\/wp-json\/wp\/v2\/posts\/120913"}],"collection":[{"href":"https:\/\/www.cronacaonline.it\/index.php\/wp-json\/wp\/v2\/posts"}],"about":[{"href":"https:\/\/www.cronacaonline.it\/index.php\/wp-json\/wp\/v2\/types\/post"}],"author":[{"embeddable":true,"href":"https:\/\/www.cronacaonline.it\/index.php\/wp-json\/wp\/v2\/users\/2"}],"replies":[{"embeddable":true,"href":"https:\/\/www.cronacaonline.it\/index.php\/wp-json\/wp\/v2\/comments?post=120913"}],"version-history":[{"count":0,"href":"https:\/\/www.cronacaonline.it\/index.php\/wp-json\/wp\/v2\/posts\/120913\/revisions"}],"wp:featuredmedia":[{"embeddable":true,"href":"https:\/\/www.cronacaonline.it\/index.php\/wp-json\/"}],"wp:attachment":[{"href":"https:\/\/www.cronacaonline.it\/index.php\/wp-json\/wp\/v2\/media?parent=120913"}],"wp:term":[{"taxonomy":"category","embeddable":true,"href":"https:\/\/www.cronacaonline.it\/index.php\/wp-json\/wp\/v2\/categories?post=120913"},{"taxonomy":"post_tag","embeddable":true,"href":"https:\/\/www.cronacaonline.it\/index.php\/wp-json\/wp\/v2\/tags?post=120913"}],"curies":[{"name":"wp","href":"https:\/\/api.w.org\/{rel}","templated":true}]}}