{"id":120886,"date":"2015-12-18T18:50:55","date_gmt":"2015-12-18T17:50:55","guid":{"rendered":"http:\/\/www.cronacaonline.it\/public\/content\/?p=120886"},"modified":"2015-12-18T18:50:55","modified_gmt":"2015-12-18T17:50:55","slug":"enti-locali-confronto-a-cagliari-sulla-riforma-erriu-e-demuro-con-il-nuovo-modello-maggiori-opportunita-di-sviluppo","status":"publish","type":"post","link":"https:\/\/www.cronacaonline.it\/index.php\/2015\/12\/18\/enti-locali-confronto-a-cagliari-sulla-riforma-erriu-e-demuro-con-il-nuovo-modello-maggiori-opportunita-di-sviluppo\/","title":{"rendered":"Enti locali, confronto a Cagliari sulla riforma. Erriu e Demuro: con il nuovo modello maggiori opportunit\u00e0 di sviluppo"},"content":{"rendered":"<p>Cagliari, 18 Dic 2015 \u2013\u00a0Il principale obiettivo del riordino degli enti locali \u00e8 quello di creare un modello virtuoso in grado di intercettare nuovi investimenti e creare sviluppo. E\u2019 quanto emerso dall\u2019incontro organizzato, a Cagliari, dall\u2019Assessorato degli Enti locali. Al confronto, coordinato da Silvano Tagliagambe, hanno preso parte gli assessori regionali degli Enti locali e degli Affari generali, Cristiano Erriu e Gianmario\u00a0Demuro.<\/p>\n<p>\u201cSi tratta di un\u2019occasione importante, un momento di riflessione che ci consente di approfondire il tema della citt\u00e0 metropolitana e delle Reti di citt\u00e0 che abbiamo previsto nel testo di riordino. Attorno a esse si possono costruire le condizioni perch\u00e9 i cittadini fruiscano di servizi di qualit\u00e0 e i territori siano capaci di attrarre investimenti, nuove risorse e opportunit\u00e0 di sviluppo\u201d, ha commentato l\u2019assessore Erriu, prima di annunciare che a breve ci saranno altri appuntamenti come questo in tutta l\u2019Isola.<\/p>\n<p>Demuro ha anticipato alcuni punti del testo unico che riguarda la riorganizzazione dell\u2019amministrazione regionale.\u00a0 Il relativo disegno di legge, strettamente collegato al riordino degli enti locali, sar\u00e0 esaminato nelle prossime settimane dalla Giunta per l\u2019approvazione.<\/p>\n<p>\u201cTra gli obiettivi \u2013 ha chiarito l\u2019esponente della Giunta Pigliaru \u2013 c\u2019\u00e8 quello di ridefinire la presenza della Regione nei territori per realizzare un concreto decentramento amministrativo e garantire servizi efficienti e puntuali a tutti. L\u2019uguaglianza tra le diverse aree si misura infatti sulla qualit\u00e0 dei servizi offerti\u201d.<\/p>\n<p>Per quanto riguarda gli altri aspetti della riforma, l\u2019assessore degli Affari generali ha chiarito che, anche grazie alla nuova legge Statutaria, altro importante passaggio di questa legislatura, \u201cverr\u00e0 confermata l\u2019elezione diretta del presidente della Regione, ridotto il numero degli assessorati e modificato il sistema dell\u2019attribuzione delle deleghe da assegnare in modo flessibile. Dobbiamo abbandonare lo schema attuale che ha un\u2019impronta ottocentesca\u201d.<\/p>\n<p>Roberto Camagni, docente del Politecnico di Milano, ha spiegato che \u201cl\u2019incremento delle citt\u00e0 non dipende tanto dalla loro dimensione fisica, quanto dalla cosiddetta dimensione pertinente: infatti, a mio avviso \u00e8 troppo grande la Citt\u00e0 metropolitana di Torino e troppo piccola quella di Milano. Inoltre, \u00e8 fondamentale la qualit\u00e0 dei servizi ai cittadini. La Citt\u00e0 metropolitana serve al capoluogo, ma ancor pi\u00f9 ai piccoli Comuni che ne fanno parte perch\u00e9 potranno beneficiare di una massa critica pi\u00f9 adeguata ai loro servizi. L\u2019importante \u00e8 salvaguardare le identit\u00e0, perch\u00e9 Unioni e Citt\u00e0 metropolitane non significano fusione. E sulla pianificazione territoriale e strategica occorre una reale partecipazione di tutte le parti sociali e istituzionali\u201d.<\/p>\n<p>Il sindaco di Sassari Nicola Sanna ha sottolineato che \u201cla dimensione nazionale del rapporto tra Citt\u00e0 Medie e Citt\u00e0 Metropolitane mal si adatta alla nostra specificit\u00e0 e specialit\u00e0 della dimensione regionale sarda. Va dunque riconosciuto alle citt\u00e0 sarde il loro ruolo strategico di \u2018nodo funzionale e gestionale\u2019 di realt\u00e0 territoriali pi\u00f9 ampie che necessitano di essere integrate e coordinate e al tempo stesso valorizzate nelle loro vocazioni diverse e specifiche.\u00a0Oggi\u00a0la necessit\u00e0 di \u2018fare rete\u2019 emerge sempre pi\u00f9 e in maniera diffusa e dobbiamo pensare a una dimensione di assetto variabile. Le Unioni dei Comuni ben si adattano alle comunit\u00e0 pi\u00f9 piccole, nei maggiori centri urbani dell'Isola i Comuni devono aggregarsi uno strumento istituzionale certo e flessibile, basato sulla visione e sulla pianificazione strategica di un area vasta o di un ambito sub-regionale\u201d.<\/p>\n","protected":false},"excerpt":{"rendered":"<p>Cagliari, 18 Dic 2015 \u2013\u00a0Il principale obiettivo del riordino degli enti locali \u00e8 quello di creare un modello virtuoso in grado di intercettare nuovi investimenti&#8230;<\/p>\n","protected":false},"author":2,"featured_media":0,"comment_status":"closed","ping_status":"closed","sticky":false,"template":"","format":"standard","meta":[],"categories":[49,53],"tags":[],"_links":{"self":[{"href":"https:\/\/www.cronacaonline.it\/index.php\/wp-json\/wp\/v2\/posts\/120886"}],"collection":[{"href":"https:\/\/www.cronacaonline.it\/index.php\/wp-json\/wp\/v2\/posts"}],"about":[{"href":"https:\/\/www.cronacaonline.it\/index.php\/wp-json\/wp\/v2\/types\/post"}],"author":[{"embeddable":true,"href":"https:\/\/www.cronacaonline.it\/index.php\/wp-json\/wp\/v2\/users\/2"}],"replies":[{"embeddable":true,"href":"https:\/\/www.cronacaonline.it\/index.php\/wp-json\/wp\/v2\/comments?post=120886"}],"version-history":[{"count":0,"href":"https:\/\/www.cronacaonline.it\/index.php\/wp-json\/wp\/v2\/posts\/120886\/revisions"}],"wp:attachment":[{"href":"https:\/\/www.cronacaonline.it\/index.php\/wp-json\/wp\/v2\/media?parent=120886"}],"wp:term":[{"taxonomy":"category","embeddable":true,"href":"https:\/\/www.cronacaonline.it\/index.php\/wp-json\/wp\/v2\/categories?post=120886"},{"taxonomy":"post_tag","embeddable":true,"href":"https:\/\/www.cronacaonline.it\/index.php\/wp-json\/wp\/v2\/tags?post=120886"}],"curies":[{"name":"wp","href":"https:\/\/api.w.org\/{rel}","templated":true}]}}