{"id":120235,"date":"2015-12-04T07:53:15","date_gmt":"2015-12-04T06:53:15","guid":{"rendered":"http:\/\/www.cronacaonline.it\/public\/content\/?p=120235"},"modified":"2015-12-04T07:53:15","modified_gmt":"2015-12-04T06:53:15","slug":"afghanistan-e-faida-tra-i-leader-talebani-ucciso-mansour-il-successore-del-mullah-omar","status":"publish","type":"post","link":"https:\/\/www.cronacaonline.it\/index.php\/2015\/12\/04\/afghanistan-e-faida-tra-i-leader-talebani-ucciso-mansour-il-successore-del-mullah-omar\/","title":{"rendered":"Afghanistan, \u00e8 faida tra i leader talebani: ucciso Mansour, il successore del Mullah Omar"},"content":{"rendered":"<p>Kabul, 4 Dic 2015 - Mullah Akhtar Mansour \u00e8 morto. Lo hanno confermato fonti ufficiali afghane. Il leader dei talebani \u00e8 deceduto per le ferite dopo esser stato colpito in un conflitto a fuoco lo scorso mercoled\u00ec durante uno scontro con i capi dei gruppi militanti afghani.<\/p>\n<p>La notizia del ferimento di Mansour era stata diffusa\u00a0dal portavoce del\u00a0primo vicepresidente afghano, Sultan Faizi: \"Mansour \u00e8 rimasto gravemente ferito. \u00c8 stato portato all'ospedale e\u00a0non sappiamo se sopravviver\u00e0 alle lesioni riportate\", aveva dichiarato Faizi, senza ulteriori precisazioni. I talebani in un primo momento avevano smentito, ma oggi \u00e8 arrivata la conferma.<\/p>\n<p>Dalla morte del precedente leader, il\u00a0Mullah Mohammad Omar, i talebani si erano divisi in due fazioni. Akhtar Mansour era ufficialmente succeduto ad Omar, di cui era stato il numero due. La sua rapida nomina, per\u00f2, era stata contestata da alcune fazioni dei ribelli, dalla famiglia del Mullah Omar e da vari capi militari. Estromessi dal potere a fine 2001 da un intervento militare portato avanti dagli Stati Uniti, i fondamentalisti talebani portano avanti una tenace rivolta contro il governo afgano e i suoi alleati.<\/p>\n<p>&nbsp;<\/p>\n","protected":false},"excerpt":{"rendered":"<p>Kabul, 4 Dic 2015 &#8211; Mullah Akhtar Mansour \u00e8 morto. Lo hanno confermato fonti ufficiali afghane. Il leader dei talebani \u00e8 deceduto per le ferite&#8230;<\/p>\n","protected":false},"author":2,"featured_media":120236,"comment_status":"closed","ping_status":"closed","sticky":false,"template":"","format":"standard","meta":[],"categories":[49,50],"tags":[],"_links":{"self":[{"href":"https:\/\/www.cronacaonline.it\/index.php\/wp-json\/wp\/v2\/posts\/120235"}],"collection":[{"href":"https:\/\/www.cronacaonline.it\/index.php\/wp-json\/wp\/v2\/posts"}],"about":[{"href":"https:\/\/www.cronacaonline.it\/index.php\/wp-json\/wp\/v2\/types\/post"}],"author":[{"embeddable":true,"href":"https:\/\/www.cronacaonline.it\/index.php\/wp-json\/wp\/v2\/users\/2"}],"replies":[{"embeddable":true,"href":"https:\/\/www.cronacaonline.it\/index.php\/wp-json\/wp\/v2\/comments?post=120235"}],"version-history":[{"count":0,"href":"https:\/\/www.cronacaonline.it\/index.php\/wp-json\/wp\/v2\/posts\/120235\/revisions"}],"wp:featuredmedia":[{"embeddable":true,"href":"https:\/\/www.cronacaonline.it\/index.php\/wp-json\/"}],"wp:attachment":[{"href":"https:\/\/www.cronacaonline.it\/index.php\/wp-json\/wp\/v2\/media?parent=120235"}],"wp:term":[{"taxonomy":"category","embeddable":true,"href":"https:\/\/www.cronacaonline.it\/index.php\/wp-json\/wp\/v2\/categories?post=120235"},{"taxonomy":"post_tag","embeddable":true,"href":"https:\/\/www.cronacaonline.it\/index.php\/wp-json\/wp\/v2\/tags?post=120235"}],"curies":[{"name":"wp","href":"https:\/\/api.w.org\/{rel}","templated":true}]}}