{"id":120189,"date":"2015-12-03T11:57:52","date_gmt":"2015-12-03T10:57:52","guid":{"rendered":"http:\/\/www.cronacaonline.it\/public\/content\/?p=120189"},"modified":"2015-12-03T11:57:52","modified_gmt":"2015-12-03T10:57:52","slug":"dagli-artigiani-di-confartigianato-sud-sardegna-un-minibus-ai-bambini-disabili-dellassociazione-peter-pan-la-consegna-sabato-5-dicembre-allexma-di-cagliari","status":"publish","type":"post","link":"https:\/\/www.cronacaonline.it\/index.php\/2015\/12\/03\/dagli-artigiani-di-confartigianato-sud-sardegna-un-minibus-ai-bambini-disabili-dellassociazione-peter-pan-la-consegna-sabato-5-dicembre-allexma-di-cagliari\/","title":{"rendered":"Dagli artigiani di Confartigianato Sud Sardegna un minibus ai bambini disabili dell\u2019Associazione Peter Pan. La consegna sabato 5 dicembre all\u2019Exm\u00e0 di Cagliari."},"content":{"rendered":"<p>Cagliari, 3 Dic 2015 - Confartigianato Sud Sardegna, attraverso l\u2019Ancos, la propria Associazione di promozione sociale, doneranno un pulmino all\u2019Associazione Peter Pan, che si occupa di bambini autistici. La cerimonia di consegna si svolger\u00e0 sabato 5 dicembre, dalle ore 11.30 a Cagliari all\u2019Exm\u00e0 durante la 1\u00b0 edizione di \u201cGuardami, Festival letterario Culture in equilibrio\u201d, il Festival letterario sulle disabilit\u00e0.<\/p>\n<p>Il minibus attrezzato per il trasporto dei ragazzi diversamente abili, \u00e8 stato acquistato con il progetto \u201cTrasportAbile\u201d, i cui fondi \u201c5x1000\u201d sono stati raccolti grazie l\u2019Ancos, l\u2019Associazione di promozione sociale e di solidariet\u00e0 di Confartigianato Sud Sardegna.<\/p>\n<p>Alla cerimonia di consegna saranno presenti il Presidente Nazionale di Ancos-Confartigianato, Aldo Zappaterra, il Presidente e il Segratario di Confartigianato Sud Sardegna, Giampiero Lecis e Pietro Paolo Spada, nonch\u00e9 le autorit\u00e0 Comunali e Provinciali di Cagliari.<\/p>\n<p>Al servizio delle imprese ma anche vicina ai cittadini e ai loro problemi e bisogni anche di carattere sociale. E\u2019 anche questo il ruolo che la Confartigianato Sud Sardegna insieme alle strutture a lei collegate, vuole svolgere sul territorio trasmettendo valori e modelli di comportamento ispirati ai principi di eticit\u00e0 ed integrit\u00e0. E tra le attivit\u00e0 di carattere sociale e di solidariet\u00e0 c\u2019\u00e8 anche quella del progetto \u201cTrasportAbile\u201d, con la donazione da parte di Ancos Confartigianato, l\u2019Associazione di promozione sociale e tempo libero della Confartigianato, del minibus acquistato grazie ai fondi del 5\u00d71000, all\u2019Associazione Peter Pan che consentir\u00e0 ai bambini diversamente abili di potersi muovere, spostarsi e partecipare alla attivit\u00e0.<\/p>\n<p>In questi anni l\u2019Ancos, insieme all\u2019Anap provinciale di Cagliari, l\u2019Associazione dei pensionati di Confartigianato, ha promosso diverse iniziative di carattere sociale come quelle sull\u2019Alzheimer. Com<\/p>\n","protected":false},"excerpt":{"rendered":"<p>Cagliari, 3 Dic 2015 &#8211; Confartigianato Sud Sardegna, attraverso l\u2019Ancos, la propria Associazione di promozione sociale, doneranno un pulmino all\u2019Associazione Peter Pan, che si occupa&#8230;<\/p>\n","protected":false},"author":2,"featured_media":120190,"comment_status":"closed","ping_status":"closed","sticky":false,"template":"","format":"standard","meta":[],"categories":[53],"tags":[],"_links":{"self":[{"href":"https:\/\/www.cronacaonline.it\/index.php\/wp-json\/wp\/v2\/posts\/120189"}],"collection":[{"href":"https:\/\/www.cronacaonline.it\/index.php\/wp-json\/wp\/v2\/posts"}],"about":[{"href":"https:\/\/www.cronacaonline.it\/index.php\/wp-json\/wp\/v2\/types\/post"}],"author":[{"embeddable":true,"href":"https:\/\/www.cronacaonline.it\/index.php\/wp-json\/wp\/v2\/users\/2"}],"replies":[{"embeddable":true,"href":"https:\/\/www.cronacaonline.it\/index.php\/wp-json\/wp\/v2\/comments?post=120189"}],"version-history":[{"count":0,"href":"https:\/\/www.cronacaonline.it\/index.php\/wp-json\/wp\/v2\/posts\/120189\/revisions"}],"wp:featuredmedia":[{"embeddable":true,"href":"https:\/\/www.cronacaonline.it\/index.php\/wp-json\/"}],"wp:attachment":[{"href":"https:\/\/www.cronacaonline.it\/index.php\/wp-json\/wp\/v2\/media?parent=120189"}],"wp:term":[{"taxonomy":"category","embeddable":true,"href":"https:\/\/www.cronacaonline.it\/index.php\/wp-json\/wp\/v2\/categories?post=120189"},{"taxonomy":"post_tag","embeddable":true,"href":"https:\/\/www.cronacaonline.it\/index.php\/wp-json\/wp\/v2\/tags?post=120189"}],"curies":[{"name":"wp","href":"https:\/\/api.w.org\/{rel}","templated":true}]}}