{"id":120015,"date":"2015-11-28T16:17:30","date_gmt":"2015-11-28T15:17:30","guid":{"rendered":"http:\/\/www.cronacaonline.it\/public\/content\/?p=120015"},"modified":"2015-11-28T16:17:30","modified_gmt":"2015-11-28T15:17:30","slug":"cisl-sardegna-sulla-vertenza-energia-deve-mobilitarsi-anche-la-regione-i-lavoratori-pronti-a-tornare-in-piazza","status":"publish","type":"post","link":"https:\/\/www.cronacaonline.it\/index.php\/2015\/11\/28\/cisl-sardegna-sulla-vertenza-energia-deve-mobilitarsi-anche-la-regione-i-lavoratori-pronti-a-tornare-in-piazza\/","title":{"rendered":"Cisl Sardegna &#8211; Sulla vertenza energia deve mobilitarsi anche la Regione: i lavoratori pronti a tornare in piazza"},"content":{"rendered":"<p>Cagliari, 28 Nov 2015 - La Cisl sarda, luned\u00ec prossimo 30 novembre,\u00a0si presenter\u00e0 all\u2019incontro richiesto dal Presidente\u00a0della Regione per dirgli che \u00e8 il momento di rompere gli indugi con il Governo nazionale soprattutto sulla questione energetica, madre di tutte le vertenze. L\u2019alto costo dell\u2019energia non crea le condizioni favorevoli per investire nell\u2019isola e costringe alla fuga le attuali imprese impossibilitate a reggere la\u00a0concorrenza internazionale.<\/p>\n<p>Diremo al Presidente della Regione che l\u2019industria non solo metalmeccanica \u00e8 al tracollo. Staccare\u00a0la spina della super interrompibilit\u00e0 e perdere il regime dell\u2019essenzialit\u00e0 in alcune centrali significa mettere in forse la presenza non meno di 18 imprese\u00a0e far chiudere decine di aziende dell\u2019indotto per un totale di\u00a04000-4500 lavoratori.<\/p>\n<p>Dall\u2019attivo sindacale unitario di mercoled\u00ec 25 novembre \u00e8 venuto un forte invito al Presidente Pigliaru perch\u00e9 strappi al governo Renzi impegni concreti,\u00a0immediatamente operativi, e indichi le linee fondamentali di un programma industriale regionale, al momento inesistente, e le direttrici di una politica industriale in grado di attuarlo.<\/p>\n<p>Preoccupa la Cisl e i lavoratori un Governo nazionale pronto ad ascoltare preferibilmente la voce delle realt\u00e0 territoriali politicamente pi\u00f9 forti. Se la vertenza Sardegna \u00e8 ancora al palo, principale responsabile \u00e8 il Governo centrale. Il sindacato ritiene, pertanto,\u00a0giunto il momento di riportare la mobilitazione nelle piazze, perch\u00e9 la gravit\u00e0 delle situazione richiede risposte forti, non semplici e diplomatiche\u00a0pressioni della Regione su Governo e Unione europea. Com<\/p>\n<p>&nbsp;<\/p>\n","protected":false},"excerpt":{"rendered":"<p>Cagliari, 28 Nov 2015 &#8211; La Cisl sarda, luned\u00ec prossimo 30 novembre,\u00a0si presenter\u00e0 all\u2019incontro richiesto dal Presidente\u00a0della Regione per dirgli che \u00e8 il momento di&#8230;<\/p>\n","protected":false},"author":2,"featured_media":25723,"comment_status":"closed","ping_status":"closed","sticky":false,"template":"","format":"standard","meta":[],"categories":[49,53],"tags":[],"_links":{"self":[{"href":"https:\/\/www.cronacaonline.it\/index.php\/wp-json\/wp\/v2\/posts\/120015"}],"collection":[{"href":"https:\/\/www.cronacaonline.it\/index.php\/wp-json\/wp\/v2\/posts"}],"about":[{"href":"https:\/\/www.cronacaonline.it\/index.php\/wp-json\/wp\/v2\/types\/post"}],"author":[{"embeddable":true,"href":"https:\/\/www.cronacaonline.it\/index.php\/wp-json\/wp\/v2\/users\/2"}],"replies":[{"embeddable":true,"href":"https:\/\/www.cronacaonline.it\/index.php\/wp-json\/wp\/v2\/comments?post=120015"}],"version-history":[{"count":0,"href":"https:\/\/www.cronacaonline.it\/index.php\/wp-json\/wp\/v2\/posts\/120015\/revisions"}],"wp:featuredmedia":[{"embeddable":true,"href":"https:\/\/www.cronacaonline.it\/index.php\/wp-json\/"}],"wp:attachment":[{"href":"https:\/\/www.cronacaonline.it\/index.php\/wp-json\/wp\/v2\/media?parent=120015"}],"wp:term":[{"taxonomy":"category","embeddable":true,"href":"https:\/\/www.cronacaonline.it\/index.php\/wp-json\/wp\/v2\/categories?post=120015"},{"taxonomy":"post_tag","embeddable":true,"href":"https:\/\/www.cronacaonline.it\/index.php\/wp-json\/wp\/v2\/tags?post=120015"}],"curies":[{"name":"wp","href":"https:\/\/api.w.org\/{rel}","templated":true}]}}