{"id":119877,"date":"2015-11-26T08:46:13","date_gmt":"2015-11-26T07:46:13","guid":{"rendered":"http:\/\/www.cronacaonline.it\/public\/content\/?p=119877"},"modified":"2015-11-26T08:46:13","modified_gmt":"2015-11-26T07:46:13","slug":"salvare-una-vita-si-puo-entro-cinque-minuti-la-cardio-protezione-alla-portata-di-tutti-con-lutilizzo-di-un-defibrillatore","status":"publish","type":"post","link":"https:\/\/www.cronacaonline.it\/index.php\/2015\/11\/26\/salvare-una-vita-si-puo-entro-cinque-minuti-la-cardio-protezione-alla-portata-di-tutti-con-lutilizzo-di-un-defibrillatore\/","title":{"rendered":"\u201cSalvare una vita si pu\u00f2\u2026 entro cinque minuti\u201d: la cardio-protezione alla portata di tutti con l\u2019utilizzo di un defibrillatore"},"content":{"rendered":"<p>Cagliari, 25 Nov 2015 \u2013 Domani, gioved\u00ec 26 novembre, al THotel di Cagliari, alle ore 17,30 si svolger\u00e0 il convegno \u201cSalvare una vita si pu\u00f2\u2026entro cinque minuti\u201d, organizzato dal Centro Democratico Sardegna e dall\u2019EMD 118 Sardegna.<\/p>\n<p>L\u2019incontro, che ha come tema la cardio-protezione con l\u2019utilizzo del defibrillatore, sar\u00e0 coordinato dal capogruppo in Consiglio regionale, Roberto Desini, e vedr\u00e0 la partecipazione di numerosi esperti del mondo sportivo e della sanit\u00e0.<\/p>\n<p>Al dibattito sono previsti gli interventi del presidente del Consiglio regionale della Sardegna, Gianfranco Ganau, dell\u2019onorevole Roberto Capelli (parlamentare alla Camera dei deputati), di Andrea Delpin, presidente Comitato regionale Sardegna FIGC, di Maurizio Siddi, presidente del Comitato provinciale di Cagliari del Centro sportivo italiano, dell\u2019onorevole Anna Maria Busia (consigliera regionale del Centro Democratico Sardegna), del responsabile Italia EMD 118, Simone Madiai, di Luigi Cadeddu (membro del Comitato scientifico Societ\u00e0 nazionale salvamento) e di Simona Buono, responsabile Sardegna dell\u2019EMD 118. Com<\/p>\n<p>&nbsp;<\/p>\n","protected":false},"excerpt":{"rendered":"<p>Cagliari, 25 Nov 2015 \u2013 Domani, gioved\u00ec 26 novembre, al THotel di Cagliari, alle ore 17,30 si svolger\u00e0 il convegno \u201cSalvare una vita si pu\u00f2\u2026entro&#8230;<\/p>\n","protected":false},"author":2,"featured_media":118811,"comment_status":"closed","ping_status":"closed","sticky":false,"template":"","format":"standard","meta":[],"categories":[49,53],"tags":[],"_links":{"self":[{"href":"https:\/\/www.cronacaonline.it\/index.php\/wp-json\/wp\/v2\/posts\/119877"}],"collection":[{"href":"https:\/\/www.cronacaonline.it\/index.php\/wp-json\/wp\/v2\/posts"}],"about":[{"href":"https:\/\/www.cronacaonline.it\/index.php\/wp-json\/wp\/v2\/types\/post"}],"author":[{"embeddable":true,"href":"https:\/\/www.cronacaonline.it\/index.php\/wp-json\/wp\/v2\/users\/2"}],"replies":[{"embeddable":true,"href":"https:\/\/www.cronacaonline.it\/index.php\/wp-json\/wp\/v2\/comments?post=119877"}],"version-history":[{"count":0,"href":"https:\/\/www.cronacaonline.it\/index.php\/wp-json\/wp\/v2\/posts\/119877\/revisions"}],"wp:featuredmedia":[{"embeddable":true,"href":"https:\/\/www.cronacaonline.it\/index.php\/wp-json\/"}],"wp:attachment":[{"href":"https:\/\/www.cronacaonline.it\/index.php\/wp-json\/wp\/v2\/media?parent=119877"}],"wp:term":[{"taxonomy":"category","embeddable":true,"href":"https:\/\/www.cronacaonline.it\/index.php\/wp-json\/wp\/v2\/categories?post=119877"},{"taxonomy":"post_tag","embeddable":true,"href":"https:\/\/www.cronacaonline.it\/index.php\/wp-json\/wp\/v2\/tags?post=119877"}],"curies":[{"name":"wp","href":"https:\/\/api.w.org\/{rel}","templated":true}]}}