{"id":119831,"date":"2015-11-25T15:08:57","date_gmt":"2015-11-25T14:08:57","guid":{"rendered":"http:\/\/www.cronacaonline.it\/public\/content\/?p=119831"},"modified":"2015-11-25T15:08:57","modified_gmt":"2015-11-25T14:08:57","slug":"comune-di-cagliari-progetto-illumina-e-anima-il-natale-2015","status":"publish","type":"post","link":"https:\/\/www.cronacaonline.it\/index.php\/2015\/11\/25\/comune-di-cagliari-progetto-illumina-e-anima-il-natale-2015\/","title":{"rendered":"Comune di Cagliari &#8211; Progetto \u201cIllumina e anima il Natale 2015\u201d\u00a0"},"content":{"rendered":"<p>Cagliari, 25 Nov 2015 - Siglato il primo protocollo d\u2019intesa tra il Comune di Cagliari e la Camera di Commercio per la realizzazione delle manifestazioni natalizie nel capoluogo.<\/p>\n<p>A sottoscrivere l\u2019accordo il sindaco di Cagliari Massimo Zedda e la commissaria straordinaria della CCIAA Paola Piras, durante la conferenza stampa di presentazione alla presenza dell'assessore al Turismo Barbara Argiolas, dell'assessore alla Cultura Enrica Puggioni e dei presidenti delle associazioni di categoria Confesercenti e Confcommercio, Roberto Bolognese e Alberto Bertolotti.<\/p>\n<p>L'obiettivo \u00e8 quello di organizzare insieme iniziative promozionali in occasione delle prossime festivit\u00e0 natalizie, per offrire un calendario coordinato e senza sovrapposizioni e per contribuire alla realizzazione di eventi nelle strade dello shopping in centro citt\u00e0.<\/p>\n<p>La sinergia tra il Comune, la Camera di Commercio e le associazioni di categoria Confesercenti e Confcommercio permette di offrire un ricco cartellone di manifestazioni nel periodo natalizio, attraverso eventi culturali e con l\u2019allestimento delle prime luminarie d'artista nel cuore dei quartieri storici e del commercio per dare un importante impulso alle vendite in citt\u00e0, mantenendo fede agli impegni presi con i commercianti nei recenti incontri avuti con il sindaco sugli interventi di riqualificazione.<\/p>\n<p>Il progetto \u201cIllumina e anima il Natale 2015\u201d prevede, infatti, l'installazione delle luminarie natalizie dall'8 dicembre all'8 gennaio nelle seguenti vie: via Manno, via Garibaldi, via Alghero, via Sonnino, via Dante, via Pergolesi e via Paoli, via Sulis, Corso Vittorio Emanuele, Largo Carlo Felice, Piazza Yenne e viale Italia e Piazza Italia a Pirri. Previsto anche un fitto calendario di eventi nell'ambito di Cagliari Capitale Italiana della Cultura 2015.<\/p>\n<p>Ammontano a 40.000 euro le risorse stanziate dal Comune. La CCIAA stanzia la somma di euro 30.000 per il cofinanziamento del progetto e le associazioni di categoria Confesercenti e Confcommercio, proponendosi come soggetti attuatori e cofinanziatori per un importo pari a 12.500 euro, hanno condiviso con la Camera di Commercio ed il Comune di Cagliari il progetto per l\u2019illuminazione e l\u2019animazione in occasione del periodo tra Natale e Epifania per aumentare e migliorare l'accoglienza dei clienti e dei turisti.<\/p>\n<p>Nell'ambito delle manifestazioni legate a Cagliari Capitale Italiana della Cultura rientra in particolare l'evento \u201c100 fuochi\u201d, curato dall'artista visivo Alfredo Pirri per il progetto di arte pubblica Space is the Place.<\/p>\n<p>Pirri \u2013 artista di punta del panorama nazionale, scelto quest\u2019anno dall'Associazione Musei d\u2019Arte Contemporanea Italiani come artista guida dell\u2019undicesima giornata del contemporaneo \u2013\u00a0 realizzer\u00e0 a Cagliari, in occasione dell\u2019Anno internazionale della Luce, un intervento sull\u2019asse via Manno-via Garibaldi installando le prime luminarie d\u2019artista della citt\u00e0 costituite da un telaio di luce e raggi che partono da 100 punti focali posizionati lungo tutto il percorso.<\/p>\n<p>Alfredo Pirri, biografia essenziale: Il suo lavoro al confine tra pittura e scultura, architettura e installazione si impone all\u2019attenzione del pubblico internazionale fin dalla met\u00e0 degli anni Ottanta. L\u2019originalit\u00e0 del suo lavoro risiede nell\u2019utilizzo della luce come elemento architettonico e spaziale.<\/p>\n<p>Alfredo Pirri ha esposto i suoi lavori in numerose mostre nazionali e internazionali, tra cui: Museo Novecento, Firenze (2015); London Design Fesival (2015); Galleria Nazionale d\u2019Arte Moderna, Roma (2013), dove la sua installazione Passi si integra in modo permanente allo spazio museale; Palazzo Te, Mantova (2013) e Project Biennial D-0 ARK Underground Konjic in Bosnia Herzegovina (2013); Museo Archeologico Nazionale Reggio Calabria, con l\u2019opera permanente Piazza (2011); Come in Terra cos\u00ec in Cielo, Centro Arti Visive Pescheria, Pesaro (2007); Un \u00e9t\u00e9 italienne, Maison Europ\u00e9enne de la Photographie, Parigi (2006); Biennale dell\u2019Avana (2001); La Ville \/ Le Jardin \/ La M\u00e9moire, Accademia di Francia a Roma -Villa Medici (2000); Minimalia, MoMa PS1, New York (1999); Korrespondenzen, Walter Gropius Bau, Berlino (1992); Biennale d\u2019Arte di Venezia (1988).<\/p>\n<p>&nbsp;<\/p>\n<p>Recentemente ha collaborato con gli architetti Nicola di Battista (architetto e attuale direttore della rivista Domus) e Efisio Pitzalis, Studio PROAP, Lisbona. Ha insegnato alla Bezalel Academy of Arts and Design di Gerusalemme, all\u2019Universit\u00e0 La Sapienza di Roma, all\u2019Accademia di Belle Arti di Urbino, all\u2019Accademia di Belle Arti di Palermo ed \u00e8 attualmente docente di Pittura all\u2019Accademia di Frosinone e Advisor in Visual Art per l\u2019American Academy a Roma. Com<\/p>\n","protected":false},"excerpt":{"rendered":"<p>Cagliari, 25 Nov 2015 &#8211; Siglato il primo protocollo d\u2019intesa tra il Comune di Cagliari e la Camera di Commercio per la realizzazione delle manifestazioni&#8230;<\/p>\n","protected":false},"author":2,"featured_media":0,"comment_status":"closed","ping_status":"closed","sticky":false,"template":"","format":"standard","meta":[],"categories":[49,53],"tags":[],"_links":{"self":[{"href":"https:\/\/www.cronacaonline.it\/index.php\/wp-json\/wp\/v2\/posts\/119831"}],"collection":[{"href":"https:\/\/www.cronacaonline.it\/index.php\/wp-json\/wp\/v2\/posts"}],"about":[{"href":"https:\/\/www.cronacaonline.it\/index.php\/wp-json\/wp\/v2\/types\/post"}],"author":[{"embeddable":true,"href":"https:\/\/www.cronacaonline.it\/index.php\/wp-json\/wp\/v2\/users\/2"}],"replies":[{"embeddable":true,"href":"https:\/\/www.cronacaonline.it\/index.php\/wp-json\/wp\/v2\/comments?post=119831"}],"version-history":[{"count":0,"href":"https:\/\/www.cronacaonline.it\/index.php\/wp-json\/wp\/v2\/posts\/119831\/revisions"}],"wp:attachment":[{"href":"https:\/\/www.cronacaonline.it\/index.php\/wp-json\/wp\/v2\/media?parent=119831"}],"wp:term":[{"taxonomy":"category","embeddable":true,"href":"https:\/\/www.cronacaonline.it\/index.php\/wp-json\/wp\/v2\/categories?post=119831"},{"taxonomy":"post_tag","embeddable":true,"href":"https:\/\/www.cronacaonline.it\/index.php\/wp-json\/wp\/v2\/tags?post=119831"}],"curies":[{"name":"wp","href":"https:\/\/api.w.org\/{rel}","templated":true}]}}