{"id":119787,"date":"2015-11-24T16:51:08","date_gmt":"2015-11-24T15:51:08","guid":{"rendered":"http:\/\/www.cronacaonline.it\/public\/content\/?p=119787"},"modified":"2015-11-24T16:51:08","modified_gmt":"2015-11-24T15:51:08","slug":"il-consiglio-regionale-mobilitato-a-roma-per-la-vertenza-energia","status":"publish","type":"post","link":"https:\/\/www.cronacaonline.it\/index.php\/2015\/11\/24\/il-consiglio-regionale-mobilitato-a-roma-per-la-vertenza-energia\/","title":{"rendered":"Il Consiglio regionale mobilitato a Roma per la vertenza energia"},"content":{"rendered":"<p>Roma 24 Nov 2015. Si \u00e8 svolta negli uffici della Regione sarda a Roma, presieduta dal presidente del Consiglio regionale, Gianfranco Ganau, ed alla presenza dei consiglieri - Anna Maria Busia, Roberto Desini, Piermario Manca, Augusto Cherchi, Gianfranco Congiu e Alessandro Unali (Sovranit\u00e0, democrazia e lavoro); Pierluigi Rubiu, Giorgio Oppi, Luigi Tatti\u00a0 e Giuseppino Pinna (Udc); Alessandra Zedda e Alberto Randazzo (Fi); Attilio Dedoni (Riformatori); Pietro Cocco, Gavino Manca, Luigi Lotto e Salvatore Demontis (Pd); Luca Pizzuto (Sel); Gaetano Ledda (Misto-La Base) e\u00a0 Mondo Perra (Upc-Socialisti) - la riunione a sostegno della vertenza energetica della Sardegna.<\/p>\n<p><a href=\"http:\/\/www.cronacaonline.it\/public\/content\/wp-content\/uploads\/2015\/11\/CRS-Roma-4_delegazione-MISE.jpg\"><img loading=\"lazy\" class=\" size-medium wp-image-119794 alignleft\" src=\"http:\/\/www.cronacaonline.it\/public\/content\/wp-content\/uploads\/2015\/11\/CRS-Roma-4_delegazione-MISE-300x200.jpg\" alt=\"CRS Roma 4_delegazione MISE\" width=\"300\" height=\"200\" \/><\/a>Una vertenza storica aggravata dalla recente decisione assunta da Terna che nega il riconoscimento della \u201csuper interrompibilit\u00e0\u201d e della \u201cessenzialit\u00e0\u201d per le centrali del Sulcis, di Porto Torres e di Ottana e che potrebbe comportare la chiusura dei tre impianti isolani, con drammatiche conseguenze per il futuro delle residue attivit\u00e0 industriali che operano in Sardegna e con ovvie conseguenza per l\u2019occupazione e lo sviluppo.<\/p>\n<p>\u201cL\u2019energia \u2013 ha dichiarato il presidente Ganau \u2013 resta un tema centrale per la Sardegna e la mobilitazione del Consiglio regionale punta al riconoscimento, da parte del Governo, delle specificit\u00e0 della nostra Regione che sconta un troppo elevato gap infrastrutturale, derivante dalla condizione di insularit\u00e0 e che continua a sostenere un pi\u00f9 alto costo dell\u2019energia, a causa della mancanza di approvvigionamento del metano\u201d.<\/p>\n<p>La delegazione del Consiglio regionale si \u00e8 quindi recata nella sede del ministero dello Sviluppo economico per esprimere massima solidariet\u00e0 ai lavoratori e pieno sostegno all\u2019azione della Giunta e alle rappresentanze sindacali, impegnate in queste ore in nuovo vertice al Mise per difendere il futuro e i posti di lavori nell\u2019industria sarda.<\/p>\n","protected":false},"excerpt":{"rendered":"<p>Roma 24 Nov 2015. Si \u00e8 svolta negli uffici della Regione sarda a Roma, presieduta dal presidente del Consiglio regionale, Gianfranco Ganau, ed alla presenza&#8230;<\/p>\n","protected":false},"author":2,"featured_media":119797,"comment_status":"closed","ping_status":"closed","sticky":false,"template":"","format":"standard","meta":[],"categories":[49,53],"tags":[],"_links":{"self":[{"href":"https:\/\/www.cronacaonline.it\/index.php\/wp-json\/wp\/v2\/posts\/119787"}],"collection":[{"href":"https:\/\/www.cronacaonline.it\/index.php\/wp-json\/wp\/v2\/posts"}],"about":[{"href":"https:\/\/www.cronacaonline.it\/index.php\/wp-json\/wp\/v2\/types\/post"}],"author":[{"embeddable":true,"href":"https:\/\/www.cronacaonline.it\/index.php\/wp-json\/wp\/v2\/users\/2"}],"replies":[{"embeddable":true,"href":"https:\/\/www.cronacaonline.it\/index.php\/wp-json\/wp\/v2\/comments?post=119787"}],"version-history":[{"count":0,"href":"https:\/\/www.cronacaonline.it\/index.php\/wp-json\/wp\/v2\/posts\/119787\/revisions"}],"wp:featuredmedia":[{"embeddable":true,"href":"https:\/\/www.cronacaonline.it\/index.php\/wp-json\/"}],"wp:attachment":[{"href":"https:\/\/www.cronacaonline.it\/index.php\/wp-json\/wp\/v2\/media?parent=119787"}],"wp:term":[{"taxonomy":"category","embeddable":true,"href":"https:\/\/www.cronacaonline.it\/index.php\/wp-json\/wp\/v2\/categories?post=119787"},{"taxonomy":"post_tag","embeddable":true,"href":"https:\/\/www.cronacaonline.it\/index.php\/wp-json\/wp\/v2\/tags?post=119787"}],"curies":[{"name":"wp","href":"https:\/\/api.w.org\/{rel}","templated":true}]}}