{"id":119778,"date":"2015-11-24T14:17:58","date_gmt":"2015-11-24T13:17:58","guid":{"rendered":"http:\/\/www.cronacaonline.it\/public\/content\/?p=119778"},"modified":"2015-11-24T14:17:58","modified_gmt":"2015-11-24T13:17:58","slug":"prefettura-cagliari-comitato-provinciale-ordine-e-sicurezza-pubblica-sulla-situazione-dellordine-e-della-sicurezza-nella-provincia-alla-luce-dei-recenti-episodi-criminali-avvenuti-in-franci","status":"publish","type":"post","link":"https:\/\/www.cronacaonline.it\/index.php\/2015\/11\/24\/prefettura-cagliari-comitato-provinciale-ordine-e-sicurezza-pubblica-sulla-situazione-dellordine-e-della-sicurezza-nella-provincia-alla-luce-dei-recenti-episodi-criminali-avvenuti-in-franci\/","title":{"rendered":"Prefettura Cagliari &#8211; Comitato Provinciale Ordine e Sicurezza Pubblica sulla situazione dell\u2019ordine e della sicurezza nella provincia alla luce dei recenti episodi criminali avvenuti in Francia"},"content":{"rendered":"<p>Cagliari, 24 Nov 2015 - Il Prefetto di Cagliari, Giuliana Perrotta, questa mattina ha presieduto una riunione del Comitato provinciale Ordine e Sicurezza Pubblica, appositamente convocata per analizzare la situazione dell\u2019ordine e della sicurezza pubblica in provincia alla luce dei recenti episodi criminali avvenuti in Francia.<\/p>\n<p>All\u2019incontro, hanno partecipato il Sindaco di Cagliari, il Commissario Straordinario della Provincia di Cagliari, il Questore, al Comandante Provinciale dei Carabinieri e della Guardia di Finanza, il Dirigente della Polizia di Frontiera, della Polizia Ferroviaria e della Sezione Polizia Stradale, il Comandante Provinciale dei Vigili del Fuoco, il Capo della Direzione Marittima di Cagliari e il Comandante della Polizia Municipale di Cagliari.<\/p>\n<p>Nel corso dell\u2019incontro, sono state esaminate le ultime disposizioni impartite al riguardo dal Ministero dell\u2019Interno, con le quali \u00e8 stato disposto il rafforzamento delle attivit\u00e0 di controllo del territorio e l\u2019innalzamento della sorveglianza degli obiettivi ritenuti a rischio, dopo che le prime misure urgenti erano state gi\u00e0 previste nell\u2019immediatezza dei tragici eventi francesi in occasione della Riunione di Coordinamento delle Forze di Polizia tenutasi in data 14 novembre scorso.<\/p>\n<p>In tale contesto si \u00e8 oggi concordato sulla necessit\u00e0 di procedere all\u2019implementazione e rimodulazione della vigilanza ai siti, che in considerazione dell\u2019attivit\u00e0, potrebbero essere oggetto di attenzione da parte di gruppi terroristi, con particolare riferimento ai luoghi di aggregazione, alle sedi culturali e scolastiche, agli organi di informazione, ai consolati, ai porti ed aeroporti, alle principali infrastrutture stradali, al fine di assicurare una immediata protezione da possibili minacce.<\/p>\n<p>\u00c8 stata inoltre richiesta la massima collaborazione delle Amministrazioni locali affinch\u00e9 vengano tempestivamente segnalate eventuali situazioni di particolare interesse ai fini della prevenzione, nonch\u00e9 per poter adeguatamente modulare specifiche\u00a0 ulteriori\u00a0 misure di sicurezza passiva e ogni altra modalit\u00e0 operativa ritenuta utile per la protezione dei siti individuati.<\/p>\n<p>Infine, in considerazione dell\u2019imminente inizio del Giubileo, particolare attenzione verr\u00e0 riservata ai luoghi di culto e ai percorsi dedicati ai riti e alle manifestazioni di carattere religioso. Com<\/p>\n","protected":false},"excerpt":{"rendered":"<p>Cagliari, 24 Nov 2015 &#8211; Il Prefetto di Cagliari, Giuliana Perrotta, questa mattina ha presieduto una riunione del Comitato provinciale Ordine e Sicurezza Pubblica, appositamente&#8230;<\/p>\n","protected":false},"author":2,"featured_media":116015,"comment_status":"closed","ping_status":"closed","sticky":false,"template":"","format":"standard","meta":[],"categories":[49,53],"tags":[],"_links":{"self":[{"href":"https:\/\/www.cronacaonline.it\/index.php\/wp-json\/wp\/v2\/posts\/119778"}],"collection":[{"href":"https:\/\/www.cronacaonline.it\/index.php\/wp-json\/wp\/v2\/posts"}],"about":[{"href":"https:\/\/www.cronacaonline.it\/index.php\/wp-json\/wp\/v2\/types\/post"}],"author":[{"embeddable":true,"href":"https:\/\/www.cronacaonline.it\/index.php\/wp-json\/wp\/v2\/users\/2"}],"replies":[{"embeddable":true,"href":"https:\/\/www.cronacaonline.it\/index.php\/wp-json\/wp\/v2\/comments?post=119778"}],"version-history":[{"count":0,"href":"https:\/\/www.cronacaonline.it\/index.php\/wp-json\/wp\/v2\/posts\/119778\/revisions"}],"wp:featuredmedia":[{"embeddable":true,"href":"https:\/\/www.cronacaonline.it\/index.php\/wp-json\/"}],"wp:attachment":[{"href":"https:\/\/www.cronacaonline.it\/index.php\/wp-json\/wp\/v2\/media?parent=119778"}],"wp:term":[{"taxonomy":"category","embeddable":true,"href":"https:\/\/www.cronacaonline.it\/index.php\/wp-json\/wp\/v2\/categories?post=119778"},{"taxonomy":"post_tag","embeddable":true,"href":"https:\/\/www.cronacaonline.it\/index.php\/wp-json\/wp\/v2\/tags?post=119778"}],"curies":[{"name":"wp","href":"https:\/\/api.w.org\/{rel}","templated":true}]}}