{"id":119751,"date":"2015-11-23T19:22:44","date_gmt":"2015-11-23T18:22:44","guid":{"rendered":"http:\/\/www.cronacaonline.it\/public\/content\/?p=119751"},"modified":"2015-11-23T19:22:44","modified_gmt":"2015-11-23T18:22:44","slug":"cresce-in-sardegna-il-numero-delle-persone-a-rischio-poverta","status":"publish","type":"post","link":"https:\/\/www.cronacaonline.it\/index.php\/2015\/11\/23\/cresce-in-sardegna-il-numero-delle-persone-a-rischio-poverta\/","title":{"rendered":"Cresce in Sardegna il\u00a0numero delle persone a rischio povert\u00e0"},"content":{"rendered":"<p>Cagliari, 23 Nov 2015 - La Sardegna\u00a0\u00e8 la regione italiana in cui il rischio povert\u00e0\u00a0o esclusione sociale \u00e8 aumentato pi\u00f9 sensibilmente nel corso del 2014 rispetto al 2013: pi\u00f9 5,5 punti percentuali. Era\u00a0pari a 32,2% nel 2013, \u00e8 salito al 37,7% nel 2014.<\/p>\n<p>Speriamo che nessuno voglia mettere in discussione i dati Istat - diffusi questa mattina - che confermano le preoccupazioni ripetute\u00a0in continuazione dalla Cisl per tutto il 2014:\u00a0cio\u00e8 che\u00a0il rischio povert\u00e0\u00a0si stava estendendo nella nostra isola. La grave deprivazione che due anni fa interessava il 13,6% degli abitanti, lo scorso ha raggiunto quota 14,7%.<\/p>\n<p>Il significato di questi dati Istat \u00e8 chiaro: nonostante\u00a0le buone intenzioni e i facili ottimismi della Giunta regionale, la realt\u00e0 \u00e8 molto pi\u00f9 grave e pu\u00f2 essere risolta solamente rilanciando l\u2019occupazione e riportando nei posti di lavoro\u00a0le migliaia di operai e impiegati esclusi dai processi produttivi, temporaneamente parcheggiati nel sistema degli ammortizzatori sociali e collocati nell\u2019anticamera della disoccupazione e creando opportunit\u00e0 lavorative per i giovani.<\/p>\n<p>Le politiche per il lavoro sono carenti: la sperimentazione di \u0093Garanzia giovani\u201d, pur positiva, stenta ad avere effetti concreti. Mancano soprattutto occasioni di lavoro, possibili solamente\u00a0con programmi di sviluppo, nuovi processi industriali, cantierizzazione di tutte le opere pubbliche.<\/p>\n<p>Che sia l\u2019assenza di lavoro la causa principale\u00a0del cresciuto rischio di povert\u00e0 o esclusione sociale \u00e8 dimostrato dal fatto che la bassa intensit\u00e0 lavorativa\u00a0ha raggiunto quota 19,4 % ben 7 punti distante dal valore medio nazionale.<\/p>\n<p>La Regione non pu\u00f2 continuare ad affrontare in perfetta solitudine l\u2019emergenza lavoro, che deve vedere\u00a0invece coinvolti Giunta,\u00a0impresa e\u00a0sindacati, rilanciando praticamente l\u2019accordo triangolare tra questi tre soggetti sociali e istituzionali. Com<\/p>\n<p>&nbsp;<\/p>\n","protected":false},"excerpt":{"rendered":"<p>Cagliari, 23 Nov 2015 &#8211; La Sardegna\u00a0\u00e8 la regione italiana in cui il rischio povert\u00e0\u00a0o esclusione sociale \u00e8 aumentato pi\u00f9 sensibilmente nel corso del 2014&#8230;<\/p>\n","protected":false},"author":2,"featured_media":25723,"comment_status":"closed","ping_status":"closed","sticky":false,"template":"","format":"standard","meta":[],"categories":[49,53],"tags":[],"_links":{"self":[{"href":"https:\/\/www.cronacaonline.it\/index.php\/wp-json\/wp\/v2\/posts\/119751"}],"collection":[{"href":"https:\/\/www.cronacaonline.it\/index.php\/wp-json\/wp\/v2\/posts"}],"about":[{"href":"https:\/\/www.cronacaonline.it\/index.php\/wp-json\/wp\/v2\/types\/post"}],"author":[{"embeddable":true,"href":"https:\/\/www.cronacaonline.it\/index.php\/wp-json\/wp\/v2\/users\/2"}],"replies":[{"embeddable":true,"href":"https:\/\/www.cronacaonline.it\/index.php\/wp-json\/wp\/v2\/comments?post=119751"}],"version-history":[{"count":0,"href":"https:\/\/www.cronacaonline.it\/index.php\/wp-json\/wp\/v2\/posts\/119751\/revisions"}],"wp:featuredmedia":[{"embeddable":true,"href":"https:\/\/www.cronacaonline.it\/index.php\/wp-json\/"}],"wp:attachment":[{"href":"https:\/\/www.cronacaonline.it\/index.php\/wp-json\/wp\/v2\/media?parent=119751"}],"wp:term":[{"taxonomy":"category","embeddable":true,"href":"https:\/\/www.cronacaonline.it\/index.php\/wp-json\/wp\/v2\/categories?post=119751"},{"taxonomy":"post_tag","embeddable":true,"href":"https:\/\/www.cronacaonline.it\/index.php\/wp-json\/wp\/v2\/tags?post=119751"}],"curies":[{"name":"wp","href":"https:\/\/api.w.org\/{rel}","templated":true}]}}