{"id":119617,"date":"2015-11-20T12:56:59","date_gmt":"2015-11-20T11:56:59","guid":{"rendered":"http:\/\/www.cronacaonline.it\/public\/content\/?p=119617"},"modified":"2015-11-20T12:56:59","modified_gmt":"2015-11-20T11:56:59","slug":"119617","status":"publish","type":"post","link":"https:\/\/www.cronacaonline.it\/index.php\/2015\/11\/20\/119617\/","title":{"rendered":"Universit\u00e0 di Cagliari &#8211; Quarantacinquemila sardi soffrono di gravi problemi psichiatrici"},"content":{"rendered":"<p>Cagliari, 20 Nov 2015 - Oggi, venerd\u00ec 20 novembre, dalle 9 e fino alle 19, nell\u2019aula magna della facolt\u00e0 di Medicina \u2013 Cittadella universitaria di Monserrato - si svolge il meeting internazionale sui temi della salute mentale e dei diritti delle persone con disabilit\u00e0 psicosociale nell\u2019area mediterranea organizzato dal professor Mauro Giovanni Carta, direttore del Centro di psichiatria e di consultazione psicosomatica dell\u2019Azienda ospedaliera-universitaria di Cagliari. L\u2019evento \u201cImplementing WHO Quality Rights project in the Mediterranean Area, si \u00e8 aperto ieri. Stamani \u00e8 intervenuto anche Luigi Arru, assessore regionale Sanit\u00e0. Ai lavori prendono parte i ministeri della Salute del Libano e dell\u2019Albania, ricercatori provenienti da Austria, Canada, Francia, Italia, Svizzera, Tunisia e Stati Uniti.<\/p>\n<p>Per implementare l\u2019azione nell\u2019area mediterranea la WHO ha siglato un\u2019intesa con l\u2019Universit\u00e0 di Cagliari. Il professor Carta e Michelle Funk (Oms, Ginevra) sono co-chairmen.<\/p>\n<p>\u201cIn molti paesi i disabili psicosociali sono stigmatizzati, discriminati e soggetti a violazione dei diritti umani pi\u00f9 basilari. La maggior parte dei servizi di salute mentale nel mondo non ha un approccio basato sul rispetto dei diritti umani e spesso - dice Mauro Carta - agli utenti \u00e8 negata l\u2019opportunit\u00e0 di essere coinvolti nelle decisioni sul loro trattamento e su altri problemi che li riguardano. In Sardegna il tre per cento della popolazione, ovvero 45mila pazienti, ha problemi molto gravi: tra questi, schizofrenia, disturbi della personalit\u00e0 e bipolari. Queste persone vanno supportate affinch\u00e9 imparino a prendere le proprie decisioni. \u00c8 questo l\u2019obiettivo del progetto: assisterli dando loro la massima libert\u00e0, allenarli a muoversi in autonomia per affrontare la quotidianit\u00e0. Inoltre, c\u2019\u00e8 una fetta pi\u00f9 grande della popolazione pari a circa il 10 per cento, circa 150mila persone, che pu\u00f2 avere problemi transitori, come un episodio depressivo o una reazione ansiosa. Peraltro, la Sardegna vive problemi legati agli emigrati. Spesso, chi \u00e8 torna \u00e8 pi\u00f9 debole e rientra con un figlio fragile e magari senza lavoro. I migranti? Tra quelli che arrivano da noi, un quindici per cento ha problemi dovuti a disturbi post traumatico da stress. Ma nei campi dei rifugiati che abbiamo visitato in Burkina Faso, Libano e Giordania si arriva anche al cinquanta per cento\u201d. Il professor Carta amplia l\u2019analisi. \u201cSiamo al centro di un importante progetto per la difesa dei diritti dei disabili psicosociali, in collaborazione stretta con l\u2019Oms che, in un momento di conflitti e con il problema dei rifugiati, ci riconosce un ruolo importante, sia in quanto eredi della tradizione di Basaglia, sia da cagliaritani che hanno fatto molto nel Mediterraneo dal punto di vista culturale. L\u2019Universit\u00e0 di Cagliari entra in un percorso internazionale in cui pu\u00f2 immettere ragazzi in formazione. Significa - conclude lo specialista - avere opzioni utili in un grande processo di cambiamento: inseriremo il corso formativo di Who-Quality rights all\u2019ultimo anno del corso di tecnico per la riabilitazione psichiatrica. Ovvero, il modo per avere subito la certificazione Oms indispensabile per la professione\u201d. Com<\/p>\n","protected":false},"excerpt":{"rendered":"<p>Cagliari, 20 Nov 2015 &#8211; Oggi, venerd\u00ec 20 novembre, dalle 9 e fino alle 19, nell\u2019aula magna della facolt\u00e0 di Medicina \u2013 Cittadella universitaria di&#8230;<\/p>\n","protected":false},"author":2,"featured_media":0,"comment_status":"closed","ping_status":"closed","sticky":false,"template":"","format":"standard","meta":[],"categories":[49,53],"tags":[],"_links":{"self":[{"href":"https:\/\/www.cronacaonline.it\/index.php\/wp-json\/wp\/v2\/posts\/119617"}],"collection":[{"href":"https:\/\/www.cronacaonline.it\/index.php\/wp-json\/wp\/v2\/posts"}],"about":[{"href":"https:\/\/www.cronacaonline.it\/index.php\/wp-json\/wp\/v2\/types\/post"}],"author":[{"embeddable":true,"href":"https:\/\/www.cronacaonline.it\/index.php\/wp-json\/wp\/v2\/users\/2"}],"replies":[{"embeddable":true,"href":"https:\/\/www.cronacaonline.it\/index.php\/wp-json\/wp\/v2\/comments?post=119617"}],"version-history":[{"count":0,"href":"https:\/\/www.cronacaonline.it\/index.php\/wp-json\/wp\/v2\/posts\/119617\/revisions"}],"wp:attachment":[{"href":"https:\/\/www.cronacaonline.it\/index.php\/wp-json\/wp\/v2\/media?parent=119617"}],"wp:term":[{"taxonomy":"category","embeddable":true,"href":"https:\/\/www.cronacaonline.it\/index.php\/wp-json\/wp\/v2\/categories?post=119617"},{"taxonomy":"post_tag","embeddable":true,"href":"https:\/\/www.cronacaonline.it\/index.php\/wp-json\/wp\/v2\/tags?post=119617"}],"curies":[{"name":"wp","href":"https:\/\/api.w.org\/{rel}","templated":true}]}}