{"id":119512,"date":"2015-11-18T13:05:17","date_gmt":"2015-11-18T12:05:17","guid":{"rendered":"http:\/\/www.cronacaonline.it\/public\/content\/?p=119512"},"modified":"2015-11-18T13:05:17","modified_gmt":"2015-11-18T12:05:17","slug":"asl-cagliari-alzheimer-corsi-psicoeducazionali-per-familiari-e-assistenti-di-persone-affette-da-demenza","status":"publish","type":"post","link":"https:\/\/www.cronacaonline.it\/index.php\/2015\/11\/18\/asl-cagliari-alzheimer-corsi-psicoeducazionali-per-familiari-e-assistenti-di-persone-affette-da-demenza\/","title":{"rendered":"Asl Cagliari &#8211; Alzheimer: corsi psicoeducazionali per familiari e assistenti di persone affette da demenza"},"content":{"rendered":"<p>Cagliari, 18 Nov 2015 \u2013 Prende avvio una nuova edizione del corso psicoeducazionale per familiari ed assistenti di persone anziane affette da demenza organizzato dalla Divisione Geriatria del P.O. SS. Trinit\u00e0, Centro Alzheimer e disturbi della memoria. Il corso, che terminer\u00e0 il 25 gennaio 2015, si effettuer\u00e0 il luned\u00ec pomeriggio (dalle ore 16.30) presso la sala riunioni del P.O. SS. Trinit\u00e0. Al termine verr\u00e0 rilasciato un attestato di partecipazione.<br \/>\nIl corso \u00e8 strutturato in giornate formative che tratteranno tematiche diverse, tra cui la diffusione e le cause della demenza, le terapie possibili, gli aspetti etici e legali per la tutela del malato e dei familiari che assistono le persone malate, come migliorare la comunicazione in famiglia e quali prospettive vi siano oltre alle cure farmacologiche, la geragogia e i principi per un buon invecchiamento.<\/p>\n<p>La coordinatrice e referente del corso \u00e8 la dott.ssa Daniela Viale.<br \/>\nIscrizioni: Per le iscrizioni si pu\u00f2 contattare la Segreteria del Centro Alzheimer, divisione Geriatria P.O. SS. Trinit\u00e0 \u00a0tel 0706095993 dalle ore 12.30 alle ore 13.30. Com<\/p>\n<p>&nbsp;<\/p>\n","protected":false},"excerpt":{"rendered":"<p>Cagliari, 18 Nov 2015 \u2013 Prende avvio una nuova edizione del corso psicoeducazionale per familiari ed assistenti di persone anziane affette da demenza organizzato dalla&#8230;<\/p>\n","protected":false},"author":2,"featured_media":116243,"comment_status":"closed","ping_status":"closed","sticky":false,"template":"","format":"standard","meta":[],"categories":[49,53],"tags":[],"_links":{"self":[{"href":"https:\/\/www.cronacaonline.it\/index.php\/wp-json\/wp\/v2\/posts\/119512"}],"collection":[{"href":"https:\/\/www.cronacaonline.it\/index.php\/wp-json\/wp\/v2\/posts"}],"about":[{"href":"https:\/\/www.cronacaonline.it\/index.php\/wp-json\/wp\/v2\/types\/post"}],"author":[{"embeddable":true,"href":"https:\/\/www.cronacaonline.it\/index.php\/wp-json\/wp\/v2\/users\/2"}],"replies":[{"embeddable":true,"href":"https:\/\/www.cronacaonline.it\/index.php\/wp-json\/wp\/v2\/comments?post=119512"}],"version-history":[{"count":0,"href":"https:\/\/www.cronacaonline.it\/index.php\/wp-json\/wp\/v2\/posts\/119512\/revisions"}],"wp:featuredmedia":[{"embeddable":true,"href":"https:\/\/www.cronacaonline.it\/index.php\/wp-json\/"}],"wp:attachment":[{"href":"https:\/\/www.cronacaonline.it\/index.php\/wp-json\/wp\/v2\/media?parent=119512"}],"wp:term":[{"taxonomy":"category","embeddable":true,"href":"https:\/\/www.cronacaonline.it\/index.php\/wp-json\/wp\/v2\/categories?post=119512"},{"taxonomy":"post_tag","embeddable":true,"href":"https:\/\/www.cronacaonline.it\/index.php\/wp-json\/wp\/v2\/tags?post=119512"}],"curies":[{"name":"wp","href":"https:\/\/api.w.org\/{rel}","templated":true}]}}