{"id":119469,"date":"2015-11-17T15:57:18","date_gmt":"2015-11-17T14:57:18","guid":{"rendered":"http:\/\/www.cronacaonline.it\/public\/content\/?p=119469"},"modified":"2015-11-17T15:57:18","modified_gmt":"2015-11-17T14:57:18","slug":"al-via-la-vaccinazione-antinfluenzale-per-la-stagione-2015-16","status":"publish","type":"post","link":"https:\/\/www.cronacaonline.it\/index.php\/2015\/11\/17\/al-via-la-vaccinazione-antinfluenzale-per-la-stagione-2015-16\/","title":{"rendered":"Al via la vaccinazione antinfluenzale per la stagione 2015-16"},"content":{"rendered":"<p>Cagliari, 16 Nov 2015 \u2013 Anche quest\u2019anno il Servizio Igiene e Sanit\u00e0 pubblica della Asl di Cagliari dar\u00e0 avvio, a partire dal mese di novembre, alla campagna di vaccinazione antinfluenzale 2015-2016 secondo quanto previsto dalle Raccomandazioni del Ministero della Salute. \u00a0L\u2019obiettivo \u00e8 quello di raggiungere una copertura vaccinale compresa tra un minimo del 75% ad un massimo del 95% nella popolazione ultrasessantacinquenne e a rischio per patologie o per attivit\u00e0 a valenza sociale. Inoltre, il Servizio garantir\u00e0 ai Medici di Medicina Generale e ai Pediatri di libera scelta, che ne faranno richiesta, la fornitura del vaccino antipneumococco per i propri assistiti a rischio, oltre a garantire l\u2019offerta nei propri ambulatori dedicati.<\/p>\n<p>\u201cQuest\u2019anno verr\u00e0 usato il vaccino tetravalente indicato per l\u2019immunizzazione di adulti e bambini dai tre anni in su \u2013 specifica Giorgio Steri, direttore del Servizio Igiene e Sanit\u00e0 Pubblica -. La Asl invita tutta la popolazione a recarsi presso gli ambulatori di Igiene e Sanit\u00e0 Pubblica dedicati e presso gli ambulatori dei medici di medicina generale, con fiducia e in sicurezza, in quanto la vaccinazione riduce il rischio individuale di malattia, di ospedalizzazione e di morte soprattutto per le categorie cui \u00e8 raccomandata la vaccinazione e quindi pi\u00f9 esposte.<\/p>\n<p>La vaccinazione: sicura ed efficace - L\u2019influenza non \u00e8 sempre un banale malanno di stagione come spesso si pensa.<br \/>\nOgni anno, infatti, secondo il Centro europeo per il controllo delle malattie (<a href=\"http:\/\/www.ecdc.europa.eu\/en\/Pages\/home.aspx\">Ecdc<\/a>), causa in media 40.000 decessi prematuri in Europa. Sono le persone pi\u00f9 fragili, quelle a maggior rischio di complicanze, tanto che il 90% dei decessi si verifica in persone di et\u00e0 superiore ai 65 anni, soprattutto se affetti da altre patologie. Ogni anno, colpisce, in forma pi\u00f9 o meno severa, tra il 10 e il 20% della popolazione generale.<\/p>\n<p>Le campagne di vaccinazione contro l\u2019influenza hanno due obiettivi fondamentali: proteggere le persone pi\u00f9 fragili e maggiormente a rischio di complicanze; direttamente, offrendo in maniera gratuita la vaccinazione a diverse categorie di persone ad alto rischio tra cui soggetti di et\u00e0 pari o superiore a 65 anni, bambini di et\u00e0 superiore ai 6 mesi, ragazzi e adulti fino a 65 anni di et\u00e0 affetti da patologie, che aumentano il rischio di complicanze da influenza, donne che all\u2019inizio della stagione epidemica si trovino nel secondo e terzo trimestre di gravidanza, individui di qualunque et\u00e0 ricoverati presso strutture per lungodegenti; indirettamente, impedendo che siano le persone a esse pi\u00f9 vicine a trasmettere l\u2019infezione. Per questo, tra le categorie per cui la vaccinazione \u00e8 raccomandata rientrano i medici e il personale sanitario di assistenza e i familiari e contatti di soggetti ad alto rischio; garantire il corretto funzionamento dei servizi essenziali. Per questa ragione la vaccinazione \u00e8 raccomandata a particolari categorie di lavoratori, come le forze di polizia e i vigili del fuoco.<\/p>\n<p>E\u2019 importante vaccinarsi ogni anno. Tutti i virus influenzali infatti tendono nel tempo ad acquisire cambiamenti che permettono loro di eludere l\u2019immunit\u00e0 acquisita dalla popolazione nelle stagioni precedenti.<\/p>\n<p>Dove rivolgersi: Cagliari, viale Bonaria, n. 16 c\/o ex poliambulatorio dal luned\u00ec al venerd\u00ec dalle 8.30 alle 12.30; Selargius - via Mazzini n. 32 b gioved\u00ec dalle 8.30 alle 12.30; Quartu Sant'Elena - via Turati dal marted\u00ec al gioved\u00ec dalle 8.30 alle 12.30 luned\u00ec e gioved\u00ec dalle 16 alle 17<br \/>\nAssemini - c\/o ambulatorio di Igiene e Sanit\u00e0 Pubblica via 2 Agosto 1980, n. 23 (aperture straordinarie) il 17 novembre, il 25 novembre, il 2 dicembre 2015 dalle ore 8.30 alle ore 13.00.<\/p>\n<p>L\u2019elenco completo degli ambulatori di Igiene e Sanit\u00e0 pubblica dove effettuare le vaccinazioni nel territorio della ASL di Cagliari e i relativi orari \u00e8 pubblicato sul sito aziendale www.aslcagliari.it<\/p>\n","protected":false},"excerpt":{"rendered":"<p>Cagliari, 16 Nov 2015 \u2013 Anche quest\u2019anno il Servizio Igiene e Sanit\u00e0 pubblica della Asl di Cagliari dar\u00e0 avvio, a partire dal mese di novembre,&#8230;<\/p>\n","protected":false},"author":2,"featured_media":116243,"comment_status":"closed","ping_status":"closed","sticky":false,"template":"","format":"standard","meta":[],"categories":[49,53],"tags":[],"_links":{"self":[{"href":"https:\/\/www.cronacaonline.it\/index.php\/wp-json\/wp\/v2\/posts\/119469"}],"collection":[{"href":"https:\/\/www.cronacaonline.it\/index.php\/wp-json\/wp\/v2\/posts"}],"about":[{"href":"https:\/\/www.cronacaonline.it\/index.php\/wp-json\/wp\/v2\/types\/post"}],"author":[{"embeddable":true,"href":"https:\/\/www.cronacaonline.it\/index.php\/wp-json\/wp\/v2\/users\/2"}],"replies":[{"embeddable":true,"href":"https:\/\/www.cronacaonline.it\/index.php\/wp-json\/wp\/v2\/comments?post=119469"}],"version-history":[{"count":0,"href":"https:\/\/www.cronacaonline.it\/index.php\/wp-json\/wp\/v2\/posts\/119469\/revisions"}],"wp:featuredmedia":[{"embeddable":true,"href":"https:\/\/www.cronacaonline.it\/index.php\/wp-json\/"}],"wp:attachment":[{"href":"https:\/\/www.cronacaonline.it\/index.php\/wp-json\/wp\/v2\/media?parent=119469"}],"wp:term":[{"taxonomy":"category","embeddable":true,"href":"https:\/\/www.cronacaonline.it\/index.php\/wp-json\/wp\/v2\/categories?post=119469"},{"taxonomy":"post_tag","embeddable":true,"href":"https:\/\/www.cronacaonline.it\/index.php\/wp-json\/wp\/v2\/tags?post=119469"}],"curies":[{"name":"wp","href":"https:\/\/api.w.org\/{rel}","templated":true}]}}