{"id":119273,"date":"2015-11-12T18:09:23","date_gmt":"2015-11-12T17:09:23","guid":{"rendered":"http:\/\/www.cronacaonline.it\/public\/content\/?p=119273"},"modified":"2015-11-12T18:09:23","modified_gmt":"2015-11-12T17:09:23","slug":"le-malattie-sessualmente-trasmissibili-in-crescita-a-cagliari-e-in-sardegna","status":"publish","type":"post","link":"https:\/\/www.cronacaonline.it\/index.php\/2015\/11\/12\/le-malattie-sessualmente-trasmissibili-in-crescita-a-cagliari-e-in-sardegna\/","title":{"rendered":"Le malattie sessualmente trasmissibili: in crescita a Cagliari e in Sardegna"},"content":{"rendered":"<p>Cagliari, 12 Nov 2015 - Malattie sessualmente trasmissibili in crescita in Sardegna e a Cagliari. Sono molte le figure professionali coinvolte dall'assistenza a queste patologie, che cos\u00ec profondamente colpiscono la sfera pi\u00f9 intima della vita delle persone. Per confrontare le proprie esperienze e soprattutto aprire un dialogo sulle criticit\u00e0 che sono potenzialmente migliorabili la Clinica Dermatologica dell\u2019Azienda Ospedaliero Universitaria di Cagliari, diretta dal professor Franco Rongioletti ha organizzato (domani\u00a0venerd\u00ec 13, con inizio alle 15, e sabato 14 dalle 9 alle 14) un corso di aggiornamento multidisciplinare, accreditato ECM (piattaforma ECM-Sardegna Salute per le iscrizioni).<\/p>\n<p>Il corso, organizzato dalla dottoressa Laura Atzori, Ricercatore dell\u2019Universit\u00e0 di Cagliari, prevede la partecipazione oltre che dei dermatologi, dei chirurghi, urologi, ginecologi, microbiologi, infettivologi e ricercatori che a vario titolo da anni si occupano di queste patologie. Nella giornata conclusiva verranno presentati i contributi delle Associazioni di pazienti ed Organizzazioni Umanitarie che hanno aderito all'iniziativa. La sede del corso \u00e8 nel complesso Didattico di Monserrato (piano zero, Aula E, asse 2).\u00a0Com<\/p>\n","protected":false},"excerpt":{"rendered":"<p>Cagliari, 12 Nov 2015 &#8211; Malattie sessualmente trasmissibili in crescita in Sardegna e a Cagliari. Sono molte le figure professionali coinvolte dall&#8217;assistenza a queste patologie,&#8230;<\/p>\n","protected":false},"author":2,"featured_media":24417,"comment_status":"closed","ping_status":"closed","sticky":false,"template":"","format":"standard","meta":[],"categories":[49,53],"tags":[],"_links":{"self":[{"href":"https:\/\/www.cronacaonline.it\/index.php\/wp-json\/wp\/v2\/posts\/119273"}],"collection":[{"href":"https:\/\/www.cronacaonline.it\/index.php\/wp-json\/wp\/v2\/posts"}],"about":[{"href":"https:\/\/www.cronacaonline.it\/index.php\/wp-json\/wp\/v2\/types\/post"}],"author":[{"embeddable":true,"href":"https:\/\/www.cronacaonline.it\/index.php\/wp-json\/wp\/v2\/users\/2"}],"replies":[{"embeddable":true,"href":"https:\/\/www.cronacaonline.it\/index.php\/wp-json\/wp\/v2\/comments?post=119273"}],"version-history":[{"count":0,"href":"https:\/\/www.cronacaonline.it\/index.php\/wp-json\/wp\/v2\/posts\/119273\/revisions"}],"wp:featuredmedia":[{"embeddable":true,"href":"https:\/\/www.cronacaonline.it\/index.php\/wp-json\/"}],"wp:attachment":[{"href":"https:\/\/www.cronacaonline.it\/index.php\/wp-json\/wp\/v2\/media?parent=119273"}],"wp:term":[{"taxonomy":"category","embeddable":true,"href":"https:\/\/www.cronacaonline.it\/index.php\/wp-json\/wp\/v2\/categories?post=119273"},{"taxonomy":"post_tag","embeddable":true,"href":"https:\/\/www.cronacaonline.it\/index.php\/wp-json\/wp\/v2\/tags?post=119273"}],"curies":[{"name":"wp","href":"https:\/\/api.w.org\/{rel}","templated":true}]}}