{"id":119240,"date":"2015-11-12T09:18:12","date_gmt":"2015-11-12T08:18:12","guid":{"rendered":"http:\/\/www.cronacaonline.it\/public\/content\/?p=119240"},"modified":"2015-11-12T09:18:12","modified_gmt":"2015-11-12T08:18:12","slug":"terrorismo-internazionale-blitz-del-ros-17-arresti","status":"publish","type":"post","link":"https:\/\/www.cronacaonline.it\/index.php\/2015\/11\/12\/terrorismo-internazionale-blitz-del-ros-17-arresti\/","title":{"rendered":"Terrorismo internazionale: blitz del Ros, 17 arresti"},"content":{"rendered":"<p>Cagliari, 12 Nov 2015 - Sono 17 gli arresti eseguiti\u00a0dalle prime ore dell'alba dagli uomini del Ros (Raggruppamento operativo speciale), in un blitz antiterrorismo condotto\u00a0con altre forze di polizia europee ed Eurojust.<\/p>\n<p>Nelle ordinanze di custodia cautelare in carcere, disposte dal gip su richiesta della procura di Roma, il reato ipotizzato \u00e8 quello di associazione con finalit\u00e0 di terrorismo internazionale aggravata dalla transanzionalit\u00e0.<\/p>\n<p>L'operazione \u00e8 scattata simultaneamente in diversi paesi europei, con il coordinamento di Eurojust, l'organismo per sostenere il coordinamento e la cooperazione tra autorit\u00e0 nazionali nella lotta contro le forme gravi di criminalit\u00e0 transnazionale che interessano l'Unione europea.<\/p>\n","protected":false},"excerpt":{"rendered":"<p>Cagliari, 12 Nov 2015 &#8211; Sono 17 gli arresti eseguiti\u00a0dalle prime ore dell&#8217;alba dagli uomini del Ros (Raggruppamento operativo speciale), in un blitz antiterrorismo condotto\u00a0con&#8230;<\/p>\n","protected":false},"author":2,"featured_media":119241,"comment_status":"closed","ping_status":"closed","sticky":false,"template":"","format":"standard","meta":[],"categories":[49,50],"tags":[],"_links":{"self":[{"href":"https:\/\/www.cronacaonline.it\/index.php\/wp-json\/wp\/v2\/posts\/119240"}],"collection":[{"href":"https:\/\/www.cronacaonline.it\/index.php\/wp-json\/wp\/v2\/posts"}],"about":[{"href":"https:\/\/www.cronacaonline.it\/index.php\/wp-json\/wp\/v2\/types\/post"}],"author":[{"embeddable":true,"href":"https:\/\/www.cronacaonline.it\/index.php\/wp-json\/wp\/v2\/users\/2"}],"replies":[{"embeddable":true,"href":"https:\/\/www.cronacaonline.it\/index.php\/wp-json\/wp\/v2\/comments?post=119240"}],"version-history":[{"count":0,"href":"https:\/\/www.cronacaonline.it\/index.php\/wp-json\/wp\/v2\/posts\/119240\/revisions"}],"wp:featuredmedia":[{"embeddable":true,"href":"https:\/\/www.cronacaonline.it\/index.php\/wp-json\/"}],"wp:attachment":[{"href":"https:\/\/www.cronacaonline.it\/index.php\/wp-json\/wp\/v2\/media?parent=119240"}],"wp:term":[{"taxonomy":"category","embeddable":true,"href":"https:\/\/www.cronacaonline.it\/index.php\/wp-json\/wp\/v2\/categories?post=119240"},{"taxonomy":"post_tag","embeddable":true,"href":"https:\/\/www.cronacaonline.it\/index.php\/wp-json\/wp\/v2\/tags?post=119240"}],"curies":[{"name":"wp","href":"https:\/\/api.w.org\/{rel}","templated":true}]}}