{"id":119127,"date":"2015-11-09T14:32:38","date_gmt":"2015-11-09T13:32:38","guid":{"rendered":"http:\/\/www.cronacaonline.it\/public\/content\/?p=119127"},"modified":"2015-11-09T14:32:38","modified_gmt":"2015-11-09T13:32:38","slug":"asl-nuoro-corso-scientifico-di-otorino","status":"publish","type":"post","link":"https:\/\/www.cronacaonline.it\/index.php\/2015\/11\/09\/asl-nuoro-corso-scientifico-di-otorino\/","title":{"rendered":"Asl Nuoro: corso scientifico di Otorino"},"content":{"rendered":"<p>Nuoro, 9 Nov 2015 - Un corso - rivolto prevalentemente a Medici Specialisti in Otorinolaringoiatria, Audiologi e studiosi dei disturbi dell\u2019equilibrio - che ha l\u2019obiettivo di proporre un percorso clinico capace di raccogliere, attraverso esami e strumenti semplici, i fondamentali segni anamnestici (Bed-Side Examination), al fine di indirizzare il medico alla formulazione di una corretta diagnosi e di uno schema terapeutico adeguato e aggiornato (evitando il ricorso a terapie ed esami clinici inutili quanto costosi, se non addirittura dannosi per il paziente).<\/p>\n<p>L'evento, dal titolo \u201cStrategia adattativa nella riabilitazione audio-vestibolare\u201d, si svolger\u00e0 sabato 14 novembre, nella sala conferenze dell'Euro Hotel, in via Trieste 62 a Nuoro.<\/p>\n<p>\u00ab\u00c8 noto \u2013 spiega il Dott. Carlo Loris Pelagatti, Responsabile scientifico del corso, nonch\u00e9 Direttore dell'Unit\u00e0 Operativa Complessa di Otorinolaringoiatria dell'Ospedale San Francesco di Nuoro \u2013che al di sopra dei cinquant\u2019anni le vertigini sono largamente diffuse e rappresentano, spesso, una condizione altamente invalidante.<\/p>\n<p>Questo sintomo, secondo le statistiche, \u00e8 la terza causa di consultazione del Medico di Medicina Generale. Recentemente si \u00e8 dimostrato che la vertigine, soprattutto posizionale, \u00e8 spesso riconducibile alla \u201clabirintolitiasi\u201d, rappresenta frequentemente il primo sintomo di disfunzione, o \u00e8 una vera patologia cerebrovascolare, talvolta anche grave\u00bb.<\/p>\n<p>Il corso di Nuoro, per il quale sono stati attribuiti n. 9,5 crediti formativi ECM (Educazione Continua in Medicina), avr\u00e0 una valenza interattiva, dato che, al termine delle sessioni scienti#che, i relatori sintetizzeranno i singoli percorsi clinici, favorendo una discussione e rivolgendo alla platea un questionario (sistema esperto) con le principali affermazioni riportate dalla letteratura. Com<\/p>\n","protected":false},"excerpt":{"rendered":"<p>Nuoro, 9 Nov 2015 &#8211; Un corso &#8211; rivolto prevalentemente a Medici Specialisti in Otorinolaringoiatria, Audiologi e studiosi dei disturbi dell\u2019equilibrio &#8211; che ha l\u2019obiettivo&#8230;<\/p>\n","protected":false},"author":2,"featured_media":0,"comment_status":"closed","ping_status":"closed","sticky":false,"template":"","format":"standard","meta":[],"categories":[49,53],"tags":[],"_links":{"self":[{"href":"https:\/\/www.cronacaonline.it\/index.php\/wp-json\/wp\/v2\/posts\/119127"}],"collection":[{"href":"https:\/\/www.cronacaonline.it\/index.php\/wp-json\/wp\/v2\/posts"}],"about":[{"href":"https:\/\/www.cronacaonline.it\/index.php\/wp-json\/wp\/v2\/types\/post"}],"author":[{"embeddable":true,"href":"https:\/\/www.cronacaonline.it\/index.php\/wp-json\/wp\/v2\/users\/2"}],"replies":[{"embeddable":true,"href":"https:\/\/www.cronacaonline.it\/index.php\/wp-json\/wp\/v2\/comments?post=119127"}],"version-history":[{"count":0,"href":"https:\/\/www.cronacaonline.it\/index.php\/wp-json\/wp\/v2\/posts\/119127\/revisions"}],"wp:attachment":[{"href":"https:\/\/www.cronacaonline.it\/index.php\/wp-json\/wp\/v2\/media?parent=119127"}],"wp:term":[{"taxonomy":"category","embeddable":true,"href":"https:\/\/www.cronacaonline.it\/index.php\/wp-json\/wp\/v2\/categories?post=119127"},{"taxonomy":"post_tag","embeddable":true,"href":"https:\/\/www.cronacaonline.it\/index.php\/wp-json\/wp\/v2\/tags?post=119127"}],"curies":[{"name":"wp","href":"https:\/\/api.w.org\/{rel}","templated":true}]}}