{"id":119118,"date":"2015-11-09T12:25:17","date_gmt":"2015-11-09T11:25:17","guid":{"rendered":"http:\/\/www.cronacaonline.it\/public\/content\/?p=119118"},"modified":"2015-11-09T12:25:17","modified_gmt":"2015-11-09T11:25:17","slug":"osservatorio-di-astrofisica-assessore-paci-faremo-della-ricerca-una-opportunita-di-lavoro-e-sviluppo-damico-inaf-aardegna-esempio-nazionale","status":"publish","type":"post","link":"https:\/\/www.cronacaonline.it\/index.php\/2015\/11\/09\/osservatorio-di-astrofisica-assessore-paci-faremo-della-ricerca-una-opportunita-di-lavoro-e-sviluppo-damico-inaf-aardegna-esempio-nazionale\/","title":{"rendered":"Osservatorio di astrofisica, Assessore Paci: faremo della ricerca una opportunit\u00e0 di lavoro e sviluppo. D&#8217;amico (Inaf): Aardegna esempio nazionale"},"content":{"rendered":"<p>Cagliari, 9 Nov 2015 -\u00a0\"Le politiche per l'Universit\u00e0 e la ricerca sono fondamentali per una societ\u00e0 e possono sicuramente garantire il valore aggiunto per competere nel mondo globalizzato. La Regione ha un ruolo importante in questo processo, e l'Aerospazio \u00e8 uno dei settori in cui crediamo fortemente e che abbiamo inserito nella strategia di specializzazione intelligente S3 all'interno della programmazione dei fondi europei 2014-20. Una grande scommessa, soprattutto perch\u00e9 vogliamo realizzare un passo fondamentale: fare in modo che la ricerca di base diventi opportunit\u00e0 di lavoro, di ricchezza, di crescita sociale\". L'ha detto il vicepresidente della Regione Raffaele Paci intervenendo alla cerimonia di inaugurazione delle attivit\u00e0 pubbliche dell'Osservatorio Astronomico di Cagliari nel \"Campus della Scienza e della Tecnica e dell'Ambiente\", al teatro Si e Boi a Selargius, con il neopresidente dell'Istituto nazionale di astrofisica (Inaf) Nicol\u00f2 D'Amico. Presenti anche la direttrice ad interim dell'Osservatorio Grazia Umana e il sindaco di Selargius Gian Franco Cappai, che ha ripercorso la storia della nascita e dello sviluppo dell'Osservatorio in Sardegna, da quando nel 1998 l'ex Polveriera fu acquisita dal demanio dello Stato fino al primo accordo del 2000 fra Inaf e Regione per arrivare alla firma della convenzione nel 2000 e ai tanti investimenti, l'ultimo di 12 milioni di euro fra fondi Cipe e europei.<\/p>\n<p>\"In questa occasione stiamo davvero ragionando d\u2019area metropolitana, tema di grande attualit\u00e0 in questi giorni, perch\u00e9 siamo a Selargius ma parliamo di Osservatorio di Cagliari e poi abbiamo l'aeroporto a Elmas, un importante polo universitario a Monserrato, il turismo balneare sulle coste e quello culturale, archeologico e enogastronomico nelle zone dell'interno. Con questo voglio dire che dobbiamo pensarci come regione - ha detto il titolare della Programmazione e del Bilancio - e da l\u00ec partire per creare politiche di sviluppo per l'intero territorio. L'Osservatorio in questo senso \u00e8 una realt\u00e0 importante ma ha bisogno di continuit\u00e0 amministrativa come tutti i progetti a lungo termine, e noi ci siamo impegnati continuando a sostenere un progetto in cui crediamo fortemente, per portare sempre pi\u00f9 innovazione nella nostra ricerca. La Regione, dunque, ha un ruolo fondamentale: e allora diamo continuit\u00e0 ai progetti che valgono - ha concluso l'assessore Paci - continuiamo a investire, a lavorare in stretto contatto con le imprese per aumentare la capacit\u00e0 di fare ricerca e rafforzare il capitale umano rappresentato dai nostri giovani\".<\/p>\n<p>A conferma delle parole di apprezzamento della direttrice Umana, che ha sottolineato come in Sardegna il valore aggiunto per il settore stia proprio nella solidit\u00e0 della collaborazione fra tutti i soggetti coinvolti, il presidente dell'Inaf D'Amico - nominato dal Miur a capo dell'Ente nazionale lo scorso 16 ottobre - ha definito quella sarda una delle realt\u00e0 in assoluto pi\u00f9 vivaci. \"Porter\u00f2 l'Osservatorio della Sardegna come esempio a livello nazionale, a dimostrazione di come con il supporto delle istituzioni e in particolare della Regione si possano raggiungere risultati molto importanti\" ha detto, ribadendo quanto sia importante coinvolgere la gente nel vero significato della ricerca, che \"costa molto ma \u00e8 il vero motore della nostra societ\u00e0. La ricerca pu\u00f2 cambiarci la vita, come dimostrano il Wi-Fi ideato e brevettato da astronomi australiani o il Gps che non avremmo senza Einstein e la sua teoria della relativit\u00e0. Perci\u00f2 stiamo aprendo al pubblico le porte dell'Osservatorio, con il Planetario e le Sale didattiche. Il lavoro fatto in Sardegna \u00e8 straordinario - ha concluso D'Amico - e dimostra quanto le istituzioni possono fare per la scienza\".\u00a0Red<\/p>\n","protected":false},"excerpt":{"rendered":"<p>Cagliari, 9 Nov 2015 &#8211;\u00a0&#8220;Le politiche per l&#8217;Universit\u00e0 e la ricerca sono fondamentali per una societ\u00e0 e possono sicuramente garantire il valore aggiunto per competere&#8230;<\/p>\n","protected":false},"author":2,"featured_media":28941,"comment_status":"closed","ping_status":"closed","sticky":false,"template":"","format":"standard","meta":[],"categories":[49,52],"tags":[],"_links":{"self":[{"href":"https:\/\/www.cronacaonline.it\/index.php\/wp-json\/wp\/v2\/posts\/119118"}],"collection":[{"href":"https:\/\/www.cronacaonline.it\/index.php\/wp-json\/wp\/v2\/posts"}],"about":[{"href":"https:\/\/www.cronacaonline.it\/index.php\/wp-json\/wp\/v2\/types\/post"}],"author":[{"embeddable":true,"href":"https:\/\/www.cronacaonline.it\/index.php\/wp-json\/wp\/v2\/users\/2"}],"replies":[{"embeddable":true,"href":"https:\/\/www.cronacaonline.it\/index.php\/wp-json\/wp\/v2\/comments?post=119118"}],"version-history":[{"count":0,"href":"https:\/\/www.cronacaonline.it\/index.php\/wp-json\/wp\/v2\/posts\/119118\/revisions"}],"wp:featuredmedia":[{"embeddable":true,"href":"https:\/\/www.cronacaonline.it\/index.php\/wp-json\/"}],"wp:attachment":[{"href":"https:\/\/www.cronacaonline.it\/index.php\/wp-json\/wp\/v2\/media?parent=119118"}],"wp:term":[{"taxonomy":"category","embeddable":true,"href":"https:\/\/www.cronacaonline.it\/index.php\/wp-json\/wp\/v2\/categories?post=119118"},{"taxonomy":"post_tag","embeddable":true,"href":"https:\/\/www.cronacaonline.it\/index.php\/wp-json\/wp\/v2\/tags?post=119118"}],"curies":[{"name":"wp","href":"https:\/\/api.w.org\/{rel}","templated":true}]}}