{"id":119091,"date":"2015-11-08T08:51:29","date_gmt":"2015-11-08T07:51:29","guid":{"rendered":"http:\/\/www.cronacaonline.it\/public\/content\/?p=119091"},"modified":"2015-11-08T08:51:29","modified_gmt":"2015-11-08T07:51:29","slug":"comune-di-sassari-contributo-canone-locazione-pronto-il-nuovo-bando","status":"publish","type":"post","link":"https:\/\/www.cronacaonline.it\/index.php\/2015\/11\/08\/comune-di-sassari-contributo-canone-locazione-pronto-il-nuovo-bando\/","title":{"rendered":"Comune di Sassari &#8211; Contributo canone locazione, pronto il nuovo bando"},"content":{"rendered":"<p>Sassari 7 Nov 2015 \u2013\u00a0\u00c8\u00a0pronto per la pubblicazione il nuovo bando per\u00a0l\u2019assegnazione del contributo comunale integrativo per il pagamento dei canoni di locazione. Il nuovo avviso\u00a0sar\u00e0 illustrato in conferenza stampa luned\u00ec 9 novembre alle ore 9,30 nei locali del Settore Politiche della casa, al primo piano di via Michele Coppino 18 (Corte Santa Maria).<\/p>\n<p>L'incontro sar\u00e0 l'occasione per illustrare le procedure, i requisiti per la presentazione delle domande, le modalit\u00e0 di presentazione e compilazione delle domane quindi l'entit\u00e0 del contributo che sar\u00e0 erogato ai cittadini con particolare disagio economico.<\/p>\n<p>Alla conferenza stampa saranno presenti l'assessore\u00a0Ottavio Sanna, il dirigente del Settore\u00a0Pierfelice Stangoni\u00a0e i rappresentanti delle\u00a0associazioni degli inquilini. Com<\/p>\n","protected":false},"excerpt":{"rendered":"<p>Sassari 7 Nov 2015 \u2013\u00a0\u00c8\u00a0pronto per la pubblicazione il nuovo bando per\u00a0l\u2019assegnazione del contributo comunale integrativo per il pagamento dei canoni di locazione. Il nuovo&#8230;<\/p>\n","protected":false},"author":2,"featured_media":72462,"comment_status":"closed","ping_status":"closed","sticky":false,"template":"","format":"standard","meta":[],"categories":[49,53],"tags":[],"_links":{"self":[{"href":"https:\/\/www.cronacaonline.it\/index.php\/wp-json\/wp\/v2\/posts\/119091"}],"collection":[{"href":"https:\/\/www.cronacaonline.it\/index.php\/wp-json\/wp\/v2\/posts"}],"about":[{"href":"https:\/\/www.cronacaonline.it\/index.php\/wp-json\/wp\/v2\/types\/post"}],"author":[{"embeddable":true,"href":"https:\/\/www.cronacaonline.it\/index.php\/wp-json\/wp\/v2\/users\/2"}],"replies":[{"embeddable":true,"href":"https:\/\/www.cronacaonline.it\/index.php\/wp-json\/wp\/v2\/comments?post=119091"}],"version-history":[{"count":0,"href":"https:\/\/www.cronacaonline.it\/index.php\/wp-json\/wp\/v2\/posts\/119091\/revisions"}],"wp:featuredmedia":[{"embeddable":true,"href":"https:\/\/www.cronacaonline.it\/index.php\/wp-json\/"}],"wp:attachment":[{"href":"https:\/\/www.cronacaonline.it\/index.php\/wp-json\/wp\/v2\/media?parent=119091"}],"wp:term":[{"taxonomy":"category","embeddable":true,"href":"https:\/\/www.cronacaonline.it\/index.php\/wp-json\/wp\/v2\/categories?post=119091"},{"taxonomy":"post_tag","embeddable":true,"href":"https:\/\/www.cronacaonline.it\/index.php\/wp-json\/wp\/v2\/tags?post=119091"}],"curies":[{"name":"wp","href":"https:\/\/api.w.org\/{rel}","templated":true}]}}