{"id":118952,"date":"2015-11-04T16:36:34","date_gmt":"2015-11-04T15:36:34","guid":{"rendered":"http:\/\/www.cronacaonline.it\/public\/content\/?p=118952"},"modified":"2015-11-04T16:36:34","modified_gmt":"2015-11-04T15:36:34","slug":"la-clinica-otorinolaringoiatrica-della-aou-di-cagliari-si-trasferisce-al-policlinico-dal-9-al-15-le-operazioni-di-trasferimento-dal-san-giovanni-di-dio","status":"publish","type":"post","link":"https:\/\/www.cronacaonline.it\/index.php\/2015\/11\/04\/la-clinica-otorinolaringoiatrica-della-aou-di-cagliari-si-trasferisce-al-policlinico-dal-9-al-15-le-operazioni-di-trasferimento-dal-san-giovanni-di-dio\/","title":{"rendered":"La Clinica Otorinolaringoiatrica della Aou di Cagliari si trasferisce al Policlinico: dal 9 al 15 le operazioni di trasferimento dal San Giovanni di Dio."},"content":{"rendered":"<p>Cagliari 4 Nov 2015.\u00a0\u00c8 tutto pronto per il trasferimento dal San Giovanni di Dio al Policlinico di un altro pezzo pregiato della sanit\u00e0 cagliaritana:\u00a0da luned\u00ec 16 novembre la Clinica di Otorinolaringoiatria, diretta dal professor Roberto Puxeddu, inizier\u00e0 la sua attivit\u00e0 nel campus del Duilio Casula dell\u2019Azienda ospedaliero universitaria di Cagliari.<br \/>\nSi tratta di un altro passo avanti fondamentale nel programma di potenziamento della sanit\u00e0 della Sardegna, iniziato negli anni scorsi con il trasferimento delle Chirurgie, della Neonatologia, della Clinica Ginecologica e Ostetrica e che proseguir\u00e0 nei prossimi mesi con il trasferimento delle Medicine, del Pronto Soccorso e dell\u2019Unit\u00e0 coronarica. Per, poi, completare il percorso con la costruzione dei nuovissimi Blocco R, che cambieranno radicalmente il volto del Policlinico Duilio Casula.<br \/>\nLe operazioni di ricollocazione\u00a0inizieranno luned\u00ec 9 novembre\u00a0e proseguiranno sino a domenica 15 novembre. In questo periodo le urgenze\u00a0saranno garantite dal Santissima Trinit\u00e0: il 118 trasporter\u00e0 i casi gravi direttamente al Pronto Soccorso del presidio di Is Mirrionis. Sospesa, sempre in questi giorni, anche l\u2019attivit\u00e0 ambulatoriale. \u00abTutta le procedure \u2013 spiega il direttore sanitario dell\u2019Azienda ospedaliero universitaria di Cagliari, Oliviero Rinaldi \u2013\u00a0sono state attentamente vagliate e studiate con la collaborazione della Asl 8 di Cagliari, del Brotzu e del 118: si tratta del trasferimento di un reparto importantissimo e nulla sar\u00e0 lasciato al caso\u00bb.<\/p>\n<p>Alle 8 di luned\u00ec 16 novembre la Clinica Otorino riaprir\u00e0 ufficialmente\u00a0i battenti al terzo piano del Blocco D.\u00a0 Riprender\u00e0 sia\u00a0l\u2019attivit\u00e0 ambulatoriale sia quella di degenza. Attrezzature nuove modernissime sia in reparto sia in sala operatoria, renderanno ancora pi\u00f9 forte un\u2019attivit\u00e0 importantissima dell\u2019Azienda ospedaliero universitaria di Cagliari.<\/p>\n<p>\u201cDopo 43 anni la clinica Otorinolaringoiatrica -\u00a0dice il direttore Roberto Puxeddu \u00a0- lascia il San Giovanni di Dio. In questi anni ha offerto sempre un grosso contributo alla popolazione sarda mantenendosi sempre aggiornata nelle prestazioni. Rester\u00e0 nella memoria di tutti noi il San Giovanni, ma al Policlinico Casula sia il reparto sia le sale operatorie dedicate all'otorino sono eccezionali grazie alla lungimiranza dei vertici aziendali\u00bb.<\/p>\n<p>Negli ultimi anni sono stati sviluppati protocolli\u00a0di trattamento di primissimo livello riconosciuti dalla comunit\u00e0 scientifica internazionale, tanto che da diversi anni la Clinica \u00e8 un Centro di riferimento per tutte le ASL della Regione, in particolare per quanto riguarda l\u2019oncologia cervico-facciale, l\u2019otologia, l\u2019otorinolaringoiatria pediatrica e numerose patologie funzionali, benigne e maligne di pertinenza otorinolaringoiatrica. Vengono trattate inoltre patologie di confine oftalmologiche e neurochirurgiche.<br \/>\nI risultati delle prestazioni medico-chirurgiche della Clinica Otorinolaringoiatrica dell\u2019Universit\u00e0 degli Studi di Cagliari sono oggetto di pubblicazioni scientifiche e vengono riportati nei principali motori di ricerca del settore.<\/p>\n<p>Tra le aree d\u2019eccellenza\u00a0c\u2019\u00e8 sicuramente il\u00a0 trattamento delle patologie tumorali maligne: la Struttura Complessa di Otorinolaringoiatria si attiene, per quanto riguarda \u00ed trattamenti chirurgici e non, alle pi\u00f9 moderne e avanzate linee guida nazionali ed internazionali, adattate al caso in esame dopo valutazione clinica e ampia discussione con il paziente stesso. Tutti i pazienti sottoposti a chirurgia oncologica, non appena disponibile l'esame istologico, vengono discussi collegialmente con il Chirurgo, l\u2019Oncologo Medico, il Radioterapista e il Radiologo per le successive indicazioni terapeutiche. Le tecniche ricostruttive dopo trattamento dei tumori del cavo orale e della faringe prevedono delicati interventi microchirurgici di cui la clinica vanta esperienza decennale. Com<\/p>\n","protected":false},"excerpt":{"rendered":"<p>Cagliari 4 Nov 2015.\u00a0\u00c8 tutto pronto per il trasferimento dal San Giovanni di Dio al Policlinico di un altro pezzo pregiato della sanit\u00e0 cagliaritana:\u00a0da luned\u00ec&#8230;<\/p>\n","protected":false},"author":2,"featured_media":24417,"comment_status":"closed","ping_status":"closed","sticky":false,"template":"","format":"standard","meta":[],"categories":[49,53],"tags":[],"_links":{"self":[{"href":"https:\/\/www.cronacaonline.it\/index.php\/wp-json\/wp\/v2\/posts\/118952"}],"collection":[{"href":"https:\/\/www.cronacaonline.it\/index.php\/wp-json\/wp\/v2\/posts"}],"about":[{"href":"https:\/\/www.cronacaonline.it\/index.php\/wp-json\/wp\/v2\/types\/post"}],"author":[{"embeddable":true,"href":"https:\/\/www.cronacaonline.it\/index.php\/wp-json\/wp\/v2\/users\/2"}],"replies":[{"embeddable":true,"href":"https:\/\/www.cronacaonline.it\/index.php\/wp-json\/wp\/v2\/comments?post=118952"}],"version-history":[{"count":0,"href":"https:\/\/www.cronacaonline.it\/index.php\/wp-json\/wp\/v2\/posts\/118952\/revisions"}],"wp:featuredmedia":[{"embeddable":true,"href":"https:\/\/www.cronacaonline.it\/index.php\/wp-json\/"}],"wp:attachment":[{"href":"https:\/\/www.cronacaonline.it\/index.php\/wp-json\/wp\/v2\/media?parent=118952"}],"wp:term":[{"taxonomy":"category","embeddable":true,"href":"https:\/\/www.cronacaonline.it\/index.php\/wp-json\/wp\/v2\/categories?post=118952"},{"taxonomy":"post_tag","embeddable":true,"href":"https:\/\/www.cronacaonline.it\/index.php\/wp-json\/wp\/v2\/tags?post=118952"}],"curies":[{"name":"wp","href":"https:\/\/api.w.org\/{rel}","templated":true}]}}