{"id":118928,"date":"2015-11-04T14:12:30","date_gmt":"2015-11-04T13:12:30","guid":{"rendered":"http:\/\/www.cronacaonline.it\/public\/content\/?p=118928"},"modified":"2015-11-04T14:12:30","modified_gmt":"2015-11-04T13:12:30","slug":"inaf-assessore-paci-incontra-il-neopresidente-damico-impegno-comune-per-il-futuro-dellastrofisica-in-sardegna","status":"publish","type":"post","link":"https:\/\/www.cronacaonline.it\/index.php\/2015\/11\/04\/inaf-assessore-paci-incontra-il-neopresidente-damico-impegno-comune-per-il-futuro-dellastrofisica-in-sardegna\/","title":{"rendered":"Inaf, Assessore Paci incontra il neopresidente d&#8217;amico. Impegno comune per il futuro dell&#8217;astrofisica in Sardegna"},"content":{"rendered":"<p>Cagliari,\u00a04 Nov 2015\u00a0- L'assessore della Programmazione e del Bilancio Raffaele Paci ha incontrato il neopresidente dell'Inaf, Nicol\u00f2 D'Amico, 62 anni, professore ordinario di astrofisica all\u2019Universit\u00e0 di Cagliari, nominato alla guida dell'Ente vigilato dal Miur lo scorso 16 ottobre dal ministro dell\u2019Istruzione, dell\u2019Universit\u00e0 e della Ricerca, Stefania Giannini. L'incontro\u00a0con il vicepresidente della Giunta\u00a0\u00e8 stato un primo contatto per avviare il confronto sulle attivit\u00e0 che l'Inaf intende sviluppare in Sardegna, ed \u00e8 emersa la volont\u00e0 comune di una collaborazione fra le due istituzioni. \"Ci sono prospettive importanti per il futuro dell'Osservatorio e pi\u00f9 in generale per un settore in cui questa amministrazione ha dimostrato di credere fortemente, puntando su una scommessa scientifica fatta con grande determinazione - sottolinea l'assessore Paci - Sono certo che la grande professionalit\u00e0 e le competenze del presidente\u00a0D\u2019Amico\u00a0daranno un contributo decisivo per l'ulteriore sviluppo dell'Osservatorio in Sardegna, dove puntiamo a sviluppare strutture e capitale umano dell'astrofisica nazionale. Siamo quindi interessati a investimenti nel radiotelescopio ma anche a sviluppare un discorso pi\u00f9 articolato attraverso la strategia S3 per l'innovazione\".<\/p>\n<p>Nell'Osservatorio Astronomico la Sardegna ha investito negli anni circa 20 milioni di euro. La realizzazione del grande radio telescopio SRT (Sardinia Radio Telescope), \u00e8 stata finanziata nel 1997 dal Ministero nell\u2019ambito dei Piani di potenziamento della rete scientifica e tecnologica nelle aree depresse, e la Regione ne ha fatto uno dei punti strategici dello sviluppo del sistema del sapere nell\u2019isola. Ora la Regione vuole\u00a0portare in Sardegna un pezzo importante dell'Astrofisica nazionale, non solo le strutture ma anche il capitale umano, nella convinzione che dopo aver investito moltissimo in questo progetto sia arrivato il momento di vedere gli sviluppi di quella che \u00e8 stata una vera e propria scommessa scientifica.<\/p>\n<p>Il presidente dell'Inaf ha ribadito l'interesse dell'Ente per i suoi insediamenti in Sardegna, dove\u00a0importanti competenze locali negli atenei, nei centri di ricerca regionali, nel tessuto imprenditoriale,\u00a0e pi\u00f9 in generale nel Distretto Aero Spaziale, offrono\u00a0un valore aggiunto. \"Il radiotelescopio SRT e la nuova sede cittadina nel campus di Selargius, sono due insediamenti strategici per l'Inaf, come emerge dagli importanti risultati raggiunti in questi anni, dall'interesse manifestato da altre agenzie, per esempio l'Agenzia Spaziale Italiana, e dall'attenzione manifestata dai nostri partner internazionali - ha sottolineato D'Amico - Ci siamo gi\u00e0\u00a0 messi al lavoro per consolidare questi risultati\u00a0 e per individuare la giusta strada per mantenere l'autodeterminazione e l'autonomia che caratterizza la Sardegna, facendone un valore aggiunto nel panorama nazionale e internazionale dell'astronomia,\u00a0 riuscendo cos\u00ec\u00a0 a sviluppare ulteriormente la presenza dell'Inaf nell'isola, valorizzando allo stesso tempo le eccellenze locali\".<\/p>\n<p>Domenica\u00a0prossima 8 novembre alle 18,\u00a0nel Teatro \"Si 'e Boi\" nell'omonima piazza a Selargius, il Comune e l\u2019Inaf hanno organizzato la cerimonia di presentazione delle attivit\u00e0 pubbliche dell\u2019Osservatorio Astronomico di Cagliari, situato all\u2019interno del nuovo \u201cCampus della Scienza, della Tecnica e dell\u2019Ambiente\u201d\u00a0del comune\u00a0di Selargius. Saranno presenti l'assessore Paci e il presidente D'Amico. Red<\/p>\n","protected":false},"excerpt":{"rendered":"<p>Cagliari,\u00a04 Nov 2015\u00a0&#8211; L&#8217;assessore della Programmazione e del Bilancio Raffaele Paci ha incontrato il neopresidente dell&#8217;Inaf, Nicol\u00f2 D&#8217;Amico, 62 anni, professore ordinario di astrofisica all\u2019Universit\u00e0&#8230;<\/p>\n","protected":false},"author":2,"featured_media":28941,"comment_status":"closed","ping_status":"closed","sticky":false,"template":"","format":"standard","meta":[],"categories":[49,52],"tags":[],"_links":{"self":[{"href":"https:\/\/www.cronacaonline.it\/index.php\/wp-json\/wp\/v2\/posts\/118928"}],"collection":[{"href":"https:\/\/www.cronacaonline.it\/index.php\/wp-json\/wp\/v2\/posts"}],"about":[{"href":"https:\/\/www.cronacaonline.it\/index.php\/wp-json\/wp\/v2\/types\/post"}],"author":[{"embeddable":true,"href":"https:\/\/www.cronacaonline.it\/index.php\/wp-json\/wp\/v2\/users\/2"}],"replies":[{"embeddable":true,"href":"https:\/\/www.cronacaonline.it\/index.php\/wp-json\/wp\/v2\/comments?post=118928"}],"version-history":[{"count":0,"href":"https:\/\/www.cronacaonline.it\/index.php\/wp-json\/wp\/v2\/posts\/118928\/revisions"}],"wp:featuredmedia":[{"embeddable":true,"href":"https:\/\/www.cronacaonline.it\/index.php\/wp-json\/"}],"wp:attachment":[{"href":"https:\/\/www.cronacaonline.it\/index.php\/wp-json\/wp\/v2\/media?parent=118928"}],"wp:term":[{"taxonomy":"category","embeddable":true,"href":"https:\/\/www.cronacaonline.it\/index.php\/wp-json\/wp\/v2\/categories?post=118928"},{"taxonomy":"post_tag","embeddable":true,"href":"https:\/\/www.cronacaonline.it\/index.php\/wp-json\/wp\/v2\/tags?post=118928"}],"curies":[{"name":"wp","href":"https:\/\/api.w.org\/{rel}","templated":true}]}}