{"id":118896,"date":"2015-11-03T15:17:40","date_gmt":"2015-11-03T14:17:40","guid":{"rendered":"http:\/\/www.cronacaonline.it\/public\/content\/?p=118896"},"modified":"2015-11-03T15:17:40","modified_gmt":"2015-11-03T14:17:40","slug":"asl-nuoro-allattamento-al-seno-la-pediatria-di-comunita-ne-spiega-i-benefici-alle-madri-che-hanno-partorito-a-ottobre","status":"publish","type":"post","link":"https:\/\/www.cronacaonline.it\/index.php\/2015\/11\/03\/asl-nuoro-allattamento-al-seno-la-pediatria-di-comunita-ne-spiega-i-benefici-alle-madri-che-hanno-partorito-a-ottobre\/","title":{"rendered":"Asl Nuoro &#8211; Allattamento al seno: La pediatria di comunit\u00e0 ne spiega i benefici alle madri che hanno partorito a ottobre"},"content":{"rendered":"<p>Nuoro, 3 Nov 2015 - L'Unit\u00e0 Operativa Pediatria di Comunit\u00e0, diretta dal Dott. Francesco Fadda, in occasione dell\u2019annuale Settimana Mondiale dell\u2019Allattamento al seno, quest\u2019anno dal titolo \u201cAllattamento e lavoro: mettiamoci a lavoro\u201d,\u00a0 grazie al particolare impegno della Dott.ssa Damiana Spanu,\u00a0 Formatore per i Corsi Unicef sul Sostegno e la Promozione dell\u2019allattamento al seno e della Dott.ssa Cucca, Infermiera Pediatrica, con la collaborazione del Personale del Reparto di Ostetricia e Nido, ha incontrato le mamme che hanno partorito ad ottobre.<\/p>\n<p>Pertanto si vogliono ringraziare in particolar modo, per aver facilitato l\u2019operativit\u00e0 in Reparto e per la sensibilit\u00e0, le Ostetriche e il Direttore Dott. Angelo Multinu.<\/p>\n<p>Il Progetto ha voluto esaltare l\u2019importanza di un corretto inizio, anche dal punto di vista motivazionale, perch\u00e9 le madri possano allattare per tutto il periodo consigliato e anche dopo la ripresa del lavoro.<\/p>\n<p>In particolare si \u00e8 discusso il tema delle difficolt\u00e0 che possono presentarsi durante il periodo dell\u2019allattamento, criticit\u00e0 legate alla madre (ragadi, inesperienza) e al bambino.<\/p>\n<p>Le Societ\u00e0 Scientifiche raccomandano sei mesi di allattamento esclusivo (senza altri liquidi a scopo nutritivo o dissetante) e in seguito allattamento complementare (alimentazione anche con alimenti diversi dal latte di mamma) sino a due anni e pi\u00f9.<\/p>\n<p>Una corretta alimentazione, ancor di pi\u00f9 se parliamo del neonato, \u00e8 alla base, insieme a corretti stili di vita, della salute psicofisica.<\/p>\n<p>Pediatri e nutrizionisti concordano infatti nel definire il latte materno l\u2019unico alimento adeguato per i neonati, in quanto in grado di fornire tutti i nutrienti di cui questi ultimi hanno bisogno nella prima fase della loro vita, (acidi grassi polinsaturi, proteine, ferro assimilabile). Inoltre, contiene sostanze bioattive e immunologiche che non si trovano nei sostituti artificiali e che invece sono fondamentali sia per proteggere il bambino da eventuali infezioni batteriche e virali, sia per favorire lo sviluppo intestinale e, ormai dimostrato, anche quello intellettivo.<\/p>\n<p>L\u2019allattamento al seno non \u00e8 per\u00f2 solo dar latte materno. L\u2019influenza di una madre responsiva, un buon attaccamento madre neonato, \u00e8 cio che pone le basi per un buon sviluppo anche emotivo che influenzer\u00e0 la vita da adulto. Anche il padre, contrariamente a quanto si crede, ha fin da subito un ruolo importantissimo nel facilitare e sostenere la madre che allatta.<\/p>\n<p>La mancanza di nozioni sulla fisiologia della gravidanza e dell\u2019allattamento, su quelle che potrebbero essere delle superabili criticit\u00e0, cos\u00ec come un scorretto attacco al seno, sono talvolta causa di abbandono da parte di una madre che pur vorrebbe allattare il proprio figlio.<\/p>\n<p>\u00c8 doveroso quindi da parte degli Operatori Sanitari sostenere ogni madre che voglia allattare, nel modo corretto, rispettando scelte, culture e tradizioni ma soprattutto garantendo l\u2019accesso all\u2019informazione e alle procedure corrette possibilmente coinvolgendo nelle scelte anche il padre, perch\u00e9 anche egli fin dall\u2019inizio deve essere responsabile della salute del proprio figlio insieme alla madre. Sostenerle anche socialmente, apprezzandole e facilitandole in Famiglia e a lavoro.<\/p>\n<p>\u00c8 possibile per il sostegno all\u2019allattamento, almeno per tutto il primo anno di vita del bambino, accedere gratuitamente previo appuntamento presso l\u2019Ambulatorio della U.O. Pediatria di Comunit\u00e0.<\/p>\n","protected":false},"excerpt":{"rendered":"<p>Nuoro, 3 Nov 2015 &#8211; L&#8217;Unit\u00e0 Operativa Pediatria di Comunit\u00e0, diretta dal Dott. Francesco Fadda, in occasione dell\u2019annuale Settimana Mondiale dell\u2019Allattamento al seno, quest\u2019anno dal&#8230;<\/p>\n","protected":false},"author":2,"featured_media":0,"comment_status":"closed","ping_status":"closed","sticky":false,"template":"","format":"standard","meta":[],"categories":[49,53],"tags":[],"_links":{"self":[{"href":"https:\/\/www.cronacaonline.it\/index.php\/wp-json\/wp\/v2\/posts\/118896"}],"collection":[{"href":"https:\/\/www.cronacaonline.it\/index.php\/wp-json\/wp\/v2\/posts"}],"about":[{"href":"https:\/\/www.cronacaonline.it\/index.php\/wp-json\/wp\/v2\/types\/post"}],"author":[{"embeddable":true,"href":"https:\/\/www.cronacaonline.it\/index.php\/wp-json\/wp\/v2\/users\/2"}],"replies":[{"embeddable":true,"href":"https:\/\/www.cronacaonline.it\/index.php\/wp-json\/wp\/v2\/comments?post=118896"}],"version-history":[{"count":0,"href":"https:\/\/www.cronacaonline.it\/index.php\/wp-json\/wp\/v2\/posts\/118896\/revisions"}],"wp:attachment":[{"href":"https:\/\/www.cronacaonline.it\/index.php\/wp-json\/wp\/v2\/media?parent=118896"}],"wp:term":[{"taxonomy":"category","embeddable":true,"href":"https:\/\/www.cronacaonline.it\/index.php\/wp-json\/wp\/v2\/categories?post=118896"},{"taxonomy":"post_tag","embeddable":true,"href":"https:\/\/www.cronacaonline.it\/index.php\/wp-json\/wp\/v2\/tags?post=118896"}],"curies":[{"name":"wp","href":"https:\/\/api.w.org\/{rel}","templated":true}]}}