{"id":118769,"date":"2015-10-30T12:32:04","date_gmt":"2015-10-30T11:32:04","guid":{"rendered":"http:\/\/www.cronacaonline.it\/public\/content\/?p=118769"},"modified":"2015-10-30T12:32:04","modified_gmt":"2015-10-30T11:32:04","slug":"assistenza-sanitaria-agli-studenti-universitari-fuori-sede-dal-lunedi-al-venerdi-visite-gratuite-al-policlinico-e-al-san-giovanni-di-dio","status":"publish","type":"post","link":"https:\/\/www.cronacaonline.it\/index.php\/2015\/10\/30\/assistenza-sanitaria-agli-studenti-universitari-fuori-sede-dal-lunedi-al-venerdi-visite-gratuite-al-policlinico-e-al-san-giovanni-di-dio\/","title":{"rendered":"Assistenza sanitaria agli studenti universitari fuori sede, dal luned\u00ec al venerd\u00ec visite gratuite al Policlinico e al San Giovanni di Dio"},"content":{"rendered":"<p>Cagliari, 30 Ott 2015.\u00a0Visite gratuite e assistenza sanitaria garantita per gli studenti universitari fuori sede: \u00e8 quanto prevede il protocollo d\u2019intesa siglato dal commissario straordinario dell\u2019Azienda ospedaliero universitaria di Cagliari, Giorgio Sorrentino, dal Rettore dell\u2019Universit\u00e0 di Cagliari Maria Del Zompo e dal presidente dell\u2019Ersu Antonio Funedda.<\/p>\n<p>L\u2019assistenza sanitaria \u00e8 rivolta agli studenti universitari fuori sede iscritti all'Universit\u00e0 degli Studi di Cagliari, ai corsi di diploma, di laurea triennale, specialistica e magistrale a ciclo unico, di laurea specialistica e magistrale biennale, di specializzazione;\u00a0 alla Pontificia Facolt\u00e0 Teologica della Sardegna; all'Istituto Superiore di Scienze Religiose sede di Cagliari; al Conservatorio Statale di Musica di Cagliari, per il triennio superiore di primo livello e il biennio superiore di secondo livello; alla Scuola Superiore per Mediatori Linguistici \u201cVerbum\u201d con sede a Quartu Sant\u2019Elena.<\/p>\n<p>\u201cSi tratta di un servizio molto importante per gli studenti universitari \u2013\u00a0spiega il Rettore dell\u2019Universit\u00e0 di Cagliari, Maria Del Zompo\u00a0\u2013 che contribuisce a far sentire accolti gli iscritti fuori sede, da tempo alle prese con un problema molto delicato, quello cio\u00e8 di ricevere cure appropriate anche lontano dal proprio medico di famiglia. Il diritto alla salute si integra quindi con il diritto allo studio, come \u00e8 naturale e doveroso. La sinergia con l\u2019Azienda ospedaliero-universitaria e l\u2019ERSU, anche in questo caso, contribuisce a rendere Cagliari sempre pi\u00f9 citt\u00e0 universitaria\u201d.<\/p>\n<p>\u201c\u00c8 iniziata una fase nuova di massima collaborazione tra Azienda ospedaliero universitaria, Universit\u00e0 ed Ersu \u2013\u00a0dice il commissario dell\u2019Aou di Cagliari, Giorgio Sorrentino\u00a0\u2013 con la partecipazione a un progetto ambizioso per la sanit\u00e0 di qualit\u00e0 in Sardegna. I pazienti e gli studenti sono i veri protagonisti del futuro con il campus di Monserrato che dovr\u00e0 diventare motore del rilancio\u201d.<\/p>\n<p>Le visite potranno essere effettuate negli ambulatori attivati presso le Direzioni di Presidio dei due ospedali: al Policlinico il luned\u00ec dalle 9 alle 10 e dalle 13 alle 14, il mercoled\u00ec dalle 9 alle 10 e dalle 15 alle 17, il venerd\u00ec dalle 9 alle 10; al San Giovanni di Dio il marted\u00ec e il gioved\u00ec dalle 9 alle 10.<\/p>\n<p>\u201cGli studenti del sistema dell\u2019alta formazione cagliaritano \u2013 commenta\u00a0il Presidente dell\u2019Ersu, Antonio Funedda\u00a0- possono finalmente accedere ad un altro servizio che, insieme alle borse di studio, ai servizi di ristorazione e di alloggio e ad altre iniziative recentemente attivate, costituisce un elemento importante del Diritto allo Studio Universitario che l\u2019Ersu di Cagliari, pur con le difficolt\u00e0 note, cerca di garantire. Che sia il frutto di una fattiva collaborazione con Aou e Universit\u00e0 sottolinea la necessit\u00e0 che le risposte alle esigenze della popolazione studentesca debbano essere il frutto di azioni integrate tra gli enti che a vario titolo ne sono responsabili\u201d.<\/p>\n<p>\"\u00c8 con piacere che gli studenti apprendono questa novit\u00e0 \u2013 aggiunge\u00a0il Presidente del Consiglio degli studenti, Giuseppe Esposito\u00a0- Questo servizio \u00e8 assolutamente fondamentale per i livelli essenziali di prestazione del diritto dello studio. Per anni abbiamo chiesto un servizio che venisse incontro a questa esigenza degli studenti fuori sede e, auspichiamo in un futuro prossimo, Erasmus ed internazionali. La strada per rendere Cagliari una citt\u00e0 universitaria \u00e8 ancora lunga, e solo ascoltando gli studenti si possono raggiungere questi piccoli grandi risultati. Ringrazio UniCa2.0 per il suo lavoro in questo senso\u201d.<\/p>\n","protected":false},"excerpt":{"rendered":"<p>Cagliari, 30 Ott 2015.\u00a0Visite gratuite e assistenza sanitaria garantita per gli studenti universitari fuori sede: \u00e8 quanto prevede il protocollo d\u2019intesa siglato dal commissario straordinario&#8230;<\/p>\n","protected":false},"author":2,"featured_media":116243,"comment_status":"closed","ping_status":"closed","sticky":false,"template":"","format":"standard","meta":[],"categories":[49,53],"tags":[],"_links":{"self":[{"href":"https:\/\/www.cronacaonline.it\/index.php\/wp-json\/wp\/v2\/posts\/118769"}],"collection":[{"href":"https:\/\/www.cronacaonline.it\/index.php\/wp-json\/wp\/v2\/posts"}],"about":[{"href":"https:\/\/www.cronacaonline.it\/index.php\/wp-json\/wp\/v2\/types\/post"}],"author":[{"embeddable":true,"href":"https:\/\/www.cronacaonline.it\/index.php\/wp-json\/wp\/v2\/users\/2"}],"replies":[{"embeddable":true,"href":"https:\/\/www.cronacaonline.it\/index.php\/wp-json\/wp\/v2\/comments?post=118769"}],"version-history":[{"count":0,"href":"https:\/\/www.cronacaonline.it\/index.php\/wp-json\/wp\/v2\/posts\/118769\/revisions"}],"wp:featuredmedia":[{"embeddable":true,"href":"https:\/\/www.cronacaonline.it\/index.php\/wp-json\/"}],"wp:attachment":[{"href":"https:\/\/www.cronacaonline.it\/index.php\/wp-json\/wp\/v2\/media?parent=118769"}],"wp:term":[{"taxonomy":"category","embeddable":true,"href":"https:\/\/www.cronacaonline.it\/index.php\/wp-json\/wp\/v2\/categories?post=118769"},{"taxonomy":"post_tag","embeddable":true,"href":"https:\/\/www.cronacaonline.it\/index.php\/wp-json\/wp\/v2\/tags?post=118769"}],"curies":[{"name":"wp","href":"https:\/\/api.w.org\/{rel}","templated":true}]}}