{"id":118726,"date":"2015-10-29T13:37:28","date_gmt":"2015-10-29T12:37:28","guid":{"rendered":"http:\/\/www.cronacaonline.it\/public\/content\/?p=118726"},"modified":"2015-10-29T13:37:28","modified_gmt":"2015-10-29T12:37:28","slug":"pregiudicato-di-marrubiu-arrestato-dai-carabinieri-della-compagnia-di-oristano-per-atti-persecutori","status":"publish","type":"post","link":"https:\/\/www.cronacaonline.it\/index.php\/2015\/10\/29\/pregiudicato-di-marrubiu-arrestato-dai-carabinieri-della-compagnia-di-oristano-per-atti-persecutori\/","title":{"rendered":"Pregiudicato di Marrubiu arrestato dai carabinieri della compagnia di Oristano per atti persecutori."},"content":{"rendered":"<p>Oristano, 29 Ott 2015 - Ieri sera, i Carabinieri della Stazione di Marrubiu, hanno arrestato in flagranza del reato di\u00a0\u201catti persecutori\u201d\u00a0G.F., di 53 anni, pregiudicato del luogo e recidivo.<\/p>\n<p>L\u2019individuo qualche giorno addietro era stato querelato dalla ex moglie e dalla figlia, poich\u00e9 negli ultimi tempi ha attuato dei veri e propri atti persecutori nei loro confronti, consistiti in specifiche e insistenti minacce di morte, avvenute mediante invio di \u201csms\u201d, talmente gravi da ingenerare un perdurante stato di ansia e fondato timore per la loro incolumit\u00e0.<\/p>\n<p>Non essendo nuovo a tali comportamenti\u00a0(nel 2010 era stato arrestato\u00a0e condannato\u00a0ad anni 1 e mesi 4 di reclusione per\u00a0le stesse\u00a0identiche\u00a0accuse), la ex moglie si \u00e8 rivolta immediatamente ai Carabinieri, denunciando l\u2019accaduto e fornendo prova dei messaggi minacciosi ricevuti telefonicamente.<\/p>\n<p>Cos\u00ec \u00e8 scattato il deferimento in stato di libert\u00e0 con conseguente richiesta all\u2019A.G. di emissione di idonea misura cautelare al fine di impedire il reiterarsi del reato. Nel contempo alle vittime sono stati forniti tutti i riferimenti del centro antiviolenza ed \u00e8 immediatamente scattata una discreta vigilanza personale da parte dei militari, che erano pronti a intervenire per qualsiasi evenienza, almeno nel periodo di attesa dell\u2019 emissione della misura cautelare.<br \/>\nNel pomeriggio di ieri, durante uno specifico servizio predisposto per prevenire eventuali azioni delittuose dello stalker, \u00e8 giunta ai miliari la richiesta di aiuto da parte della vittima, che aveva ricevuto un messaggio minaccioso, secondo il quale l\u2019uomo si stava recando presso la sua abitazione con intenzioni violente e risolutive.<\/p>\n<p>Il servizio in atto, nei pressi dell\u2019abitazione della donna, ha quindi permesso il fermo del prevenuto che, trovandosi in stato di profonda ubriachezza, tentava di introdursi presso l\u2019abitazione dell\u2019ex moglie.<br \/>\nNella circostanza \u00e8 scattato quindi l\u2019arresto in flagranza di reato e dopo le formalit\u00e0 di rito, su disposizione dell\u2019A.G. competente, l\u2019uomo \u00e8 stato associato presso la Casa Circondariale di Oristano.<\/p>\n","protected":false},"excerpt":{"rendered":"<p>Oristano, 29 Ott 2015 &#8211; Ieri sera, i Carabinieri della Stazione di Marrubiu, hanno arrestato in flagranza del reato di\u00a0\u201catti persecutori\u201d\u00a0G.F., di 53 anni, pregiudicato&#8230;<\/p>\n","protected":false},"author":2,"featured_media":118125,"comment_status":"closed","ping_status":"closed","sticky":false,"template":"","format":"standard","meta":[],"categories":[49,55],"tags":[],"_links":{"self":[{"href":"https:\/\/www.cronacaonline.it\/index.php\/wp-json\/wp\/v2\/posts\/118726"}],"collection":[{"href":"https:\/\/www.cronacaonline.it\/index.php\/wp-json\/wp\/v2\/posts"}],"about":[{"href":"https:\/\/www.cronacaonline.it\/index.php\/wp-json\/wp\/v2\/types\/post"}],"author":[{"embeddable":true,"href":"https:\/\/www.cronacaonline.it\/index.php\/wp-json\/wp\/v2\/users\/2"}],"replies":[{"embeddable":true,"href":"https:\/\/www.cronacaonline.it\/index.php\/wp-json\/wp\/v2\/comments?post=118726"}],"version-history":[{"count":0,"href":"https:\/\/www.cronacaonline.it\/index.php\/wp-json\/wp\/v2\/posts\/118726\/revisions"}],"wp:featuredmedia":[{"embeddable":true,"href":"https:\/\/www.cronacaonline.it\/index.php\/wp-json\/"}],"wp:attachment":[{"href":"https:\/\/www.cronacaonline.it\/index.php\/wp-json\/wp\/v2\/media?parent=118726"}],"wp:term":[{"taxonomy":"category","embeddable":true,"href":"https:\/\/www.cronacaonline.it\/index.php\/wp-json\/wp\/v2\/categories?post=118726"},{"taxonomy":"post_tag","embeddable":true,"href":"https:\/\/www.cronacaonline.it\/index.php\/wp-json\/wp\/v2\/tags?post=118726"}],"curies":[{"name":"wp","href":"https:\/\/api.w.org\/{rel}","templated":true}]}}