{"id":118603,"date":"2015-10-27T13:03:23","date_gmt":"2015-10-27T12:03:23","guid":{"rendered":"http:\/\/www.cronacaonline.it\/public\/content\/?p=118603"},"modified":"2015-10-27T13:03:23","modified_gmt":"2015-10-27T12:03:23","slug":"operazione-antidroga-della-squadra-mobile-di-cagliari-arrestati-due-stranieri-ed-un-calabrese-trovati-con-sei-chili-di-cocaina-purissima-2","status":"publish","type":"post","link":"https:\/\/www.cronacaonline.it\/index.php\/2015\/10\/27\/operazione-antidroga-della-squadra-mobile-di-cagliari-arrestati-due-stranieri-ed-un-calabrese-trovati-con-sei-chili-di-cocaina-purissima-2\/","title":{"rendered":"Operazione antidroga della Squadra Mobile di Cagliari, arrestati due stranieri ed un calabrese trovati con sei chili di cocaina purissima. (2)"},"content":{"rendered":"<p>Cagliari, 27 Ott 2015 - I sei chili di cocaina sequestrati oggi a Muravera (Ca)i, dagli agenti della Squadra Mobile, se arrivata sul mercato avrebbe reso oltre un milione di euro sulla piazza cagliaritana.<\/p>\n<p>Sono quindi finiti in manette, Giovanni Arena, 39 anni, originario di Vibo Valentia (Calabria) ma residente nell'hinterland milanese, Eklad Pjetri, di 23 anni, dell\u2019Albania, sempre residente nel milanese e Raimondas Jasevicius, di 48 anni, della Lituania.<\/p>\n<p>Il blitz degli investigatori della Sezione criminalit\u00e0 organizzata della Mobile cagliaritana, coordinata dal dirigente Davide Carboni e dal primo dirigente Luca Armeni, \u00e8 scattato sabato anche se l'albanese e il calabrese sono arrivati in Sardegna in aereo venerd\u00ec.<\/p>\n<p><a href=\"http:\/\/www.cronacaonline.it\/public\/content\/wp-content\/uploads\/2015\/10\/ARENA-Giovanni.jpg\"><img loading=\"lazy\" class=\" size-medium wp-image-118596 alignleft\" src=\"http:\/\/www.cronacaonline.it\/public\/content\/wp-content\/uploads\/2015\/10\/ARENA-Giovanni-213x300.jpg\" alt=\"ARENA Giovanni\" width=\"213\" height=\"300\" \/><\/a><a href=\"http:\/\/www.cronacaonline.it\/public\/content\/wp-content\/uploads\/2015\/10\/Eklad-Pjetri.jpg\"><img loading=\"lazy\" class=\" size-medium wp-image-118605 alignleft\" src=\"http:\/\/www.cronacaonline.it\/public\/content\/wp-content\/uploads\/2015\/10\/Eklad-Pjetri-248x300.jpg\" alt=\"Eklad Pjetri\" width=\"248\" height=\"300\" \/><\/a><a href=\"http:\/\/www.cronacaonline.it\/public\/content\/wp-content\/uploads\/2015\/10\/JASEVICIUS-Raimondas.jpg\"><img loading=\"lazy\" class=\" size-medium wp-image-118595 alignleft\" src=\"http:\/\/www.cronacaonline.it\/public\/content\/wp-content\/uploads\/2015\/10\/JASEVICIUS-Raimondas-215x300.jpg\" alt=\"JASEVICIUS Raimondas\" width=\"215\" height=\"300\" \/><\/a>In quei giorni gli agenti avevano ricevuto delle segnalazioni di un possibile passaggio di droga tra due persone e una terza e perci\u00f2 hanno tenuto sotto controllo i due appena arrivati sull'isola. Quindi, Arena e Pjetri si sono diretti subito a Muravera dove hanno soggiornato in un B&amp;B e girato venerd\u00ec in paese. Invece il giorno dopo, sabato, si sono diretti a bordo di un furgone a San Priamo dove sono stati avvicinati da una Seat condotta dal lituano ed a quel punto il personale della Squadra Mobile sono entrati in azione. Quindi hanno bloccato i tre e perquisito i due mezzi dove, in un incavo sotto il pianale della Seat, sono stati trovati i sei chili di cocaina.<\/p>\n<p>Secondo quanto riferito stamane in una conferenza stampa, il lituano sarebbe stato il corriere, mentre albanese e il calabrese si sarebbero occupati di far arrivare la droga a una quarta persona. Infatti, ora sono ancora corso le indagini per individuare proprio il destinatario finale, \"l'anello sardo\" ma anche per capire da quanto tempo andava avanti il traffico di droga.<\/p>\n<p><a href=\"http:\/\/www.cronacaonline.it\/public\/content\/wp-content\/uploads\/2015\/10\/cocaina-purissima-sequestrata-dagli-agenti-della-mobile-di-cagliari2.jpg\"><img loading=\"lazy\" class=\" size-medium wp-image-118593 alignleft\" src=\"http:\/\/www.cronacaonline.it\/public\/content\/wp-content\/uploads\/2015\/10\/cocaina-purissima-sequestrata-dagli-agenti-della-mobile-di-cagliari2-300x146.jpg\" alt=\"cocaina purissima sequestrata dagli agenti della mobile di cagliari2\" width=\"300\" height=\"146\" \/><\/a>Gli investigatori hanno appurato che non era la prima volta che il calabrese, non legato agli ambienti della 'ndrangheta e solo con piccoli precedenti, veniva in Sardegna.<\/p>\n","protected":false},"excerpt":{"rendered":"<p>Cagliari, 27 Ott 2015 &#8211; I sei chili di cocaina sequestrati oggi a Muravera (Ca)i, dagli agenti della Squadra Mobile, se arrivata sul mercato avrebbe&#8230;<\/p>\n","protected":false},"author":2,"featured_media":118594,"comment_status":"closed","ping_status":"closed","sticky":false,"template":"","format":"standard","meta":[],"categories":[49,51,55],"tags":[],"_links":{"self":[{"href":"https:\/\/www.cronacaonline.it\/index.php\/wp-json\/wp\/v2\/posts\/118603"}],"collection":[{"href":"https:\/\/www.cronacaonline.it\/index.php\/wp-json\/wp\/v2\/posts"}],"about":[{"href":"https:\/\/www.cronacaonline.it\/index.php\/wp-json\/wp\/v2\/types\/post"}],"author":[{"embeddable":true,"href":"https:\/\/www.cronacaonline.it\/index.php\/wp-json\/wp\/v2\/users\/2"}],"replies":[{"embeddable":true,"href":"https:\/\/www.cronacaonline.it\/index.php\/wp-json\/wp\/v2\/comments?post=118603"}],"version-history":[{"count":0,"href":"https:\/\/www.cronacaonline.it\/index.php\/wp-json\/wp\/v2\/posts\/118603\/revisions"}],"wp:featuredmedia":[{"embeddable":true,"href":"https:\/\/www.cronacaonline.it\/index.php\/wp-json\/"}],"wp:attachment":[{"href":"https:\/\/www.cronacaonline.it\/index.php\/wp-json\/wp\/v2\/media?parent=118603"}],"wp:term":[{"taxonomy":"category","embeddable":true,"href":"https:\/\/www.cronacaonline.it\/index.php\/wp-json\/wp\/v2\/categories?post=118603"},{"taxonomy":"post_tag","embeddable":true,"href":"https:\/\/www.cronacaonline.it\/index.php\/wp-json\/wp\/v2\/tags?post=118603"}],"curies":[{"name":"wp","href":"https:\/\/api.w.org\/{rel}","templated":true}]}}