{"id":118601,"date":"2015-10-27T12:42:37","date_gmt":"2015-10-27T11:42:37","guid":{"rendered":"http:\/\/www.cronacaonline.it\/public\/content\/?p=118601"},"modified":"2015-10-27T12:42:37","modified_gmt":"2015-10-27T11:42:37","slug":"universita-di-cagliari-in-citta-il-gotha-della-neonatologia-mondiale","status":"publish","type":"post","link":"https:\/\/www.cronacaonline.it\/index.php\/2015\/10\/27\/universita-di-cagliari-in-citta-il-gotha-della-neonatologia-mondiale\/","title":{"rendered":"Universit\u00e0 di Cagliari &#8211; In citt\u00e0 il gotha della neonatologia mondiale"},"content":{"rendered":"<p>Cagliari, 27 Ott 2015 - Gioved\u00ec 29 ottobre, dalle 8.45 al THotel \u2013 via dei Giudicati \u2013 si apre il workshop \"From the womb to the adult\". L\u2019evento \u00e8 incluso nell\u2019undicesima edizione del congresso internazionale di neonatologia curato da Vassilios Fanos. Il docente dell\u2019ateneo di Cagliari presiede i lavori con i professori Murat Yurdak\u00f6k (Ankara), Antonio del Vecchio (Bari) e Bo Sun (Shanghai). Atteso anche Giacomo Guerrera, presidente dell\u2019Unicef Italia<\/p>\n<p>La migliore assistenza e le cure pi\u00f9 adatte per il bambino: \u00e8 questo il fattore chiave dei lavori che da gioved\u00ec fino a sabato 31 ottobre si tengono in citt\u00e0. In calendario numerosi meeting scientifici, sette appuntamenti interdisciplinari di alto livello con la partecipazione di 670 tra neonatologi, pediatri, ginecologi, perinatologi, ecografisti, farmacologi, infermieri, ostetriche, laboratoristi e anatomopatologi, provenienti da mezzo mondo. Il programma prevede letture scientifiche, sessioni dedicate a pediatri di famiglia, infermieri pediatrici, medicina perinatale, neonatologia interventistica, medicina di laboratorio dal feto al bambino. Infine, una giornata \u00e8 rivolta alla ricerca sulle cellule staminali<\/p>\n<p>\"From the womb to the adult\" (Dal grembo materno all\u2019et\u00e0 adulta) \u00e8 un\u2019iniziativa del dipartimento di Scienze chirurgiche, sezione materno-infantile - patologia e terapia intensiva neonatale, puericultura e nido del Policlinico AOU di Monserrato, diretto dal professor Fanos. L\u201911th International Workshop on Neonatology fa seguito al successo delle precedenti edizioni (oltre cinquemila presenze complessive) e vanta l\u2019adesione dei principali esperti di neonatologia. \u00a0Il congresso ha il patrocinio della Societ\u00e0 italiana di neonatologia, della Societ\u00e0 italiana di pediatria, della Union of European Neonatal and Perinatal Societies, della Union of Mediterranean Neonatal Societes e della International Federation of Clinical Chemistry (IFCC) and Laboratory Medicine, vanta anche quest\u2019anno la partecipazione dell\u2019Unicef.<\/p>\n<p>Nell\u2019ambito dei lavori viene presentato il sito del Progetto Action, finanziato dalla Comunit\u00e0 Europea con un contributo di sei milioni di euro. Action si avvale di una partnership internazionale in cui Vassilios Fanos \u00e8 responsabile per la Dissemination del progetto. Inoltre, il meeting mostra grande attenzione ai giovani: negli ultimi anni la discussione \u00e8 stata ampliata dalla presentazione di circa 80 poster selezionati per ogni convegno. Anche in questa edizione sono previsti cinque premi da 500 euro ciascuno per i migliori contributi. Com<\/p>\n","protected":false},"excerpt":{"rendered":"<p>Cagliari, 27 Ott 2015 &#8211; Gioved\u00ec 29 ottobre, dalle 8.45 al THotel \u2013 via dei Giudicati \u2013 si apre il workshop &#8220;From the womb to&#8230;<\/p>\n","protected":false},"author":2,"featured_media":0,"comment_status":"closed","ping_status":"closed","sticky":false,"template":"","format":"standard","meta":[],"categories":[49,53],"tags":[],"_links":{"self":[{"href":"https:\/\/www.cronacaonline.it\/index.php\/wp-json\/wp\/v2\/posts\/118601"}],"collection":[{"href":"https:\/\/www.cronacaonline.it\/index.php\/wp-json\/wp\/v2\/posts"}],"about":[{"href":"https:\/\/www.cronacaonline.it\/index.php\/wp-json\/wp\/v2\/types\/post"}],"author":[{"embeddable":true,"href":"https:\/\/www.cronacaonline.it\/index.php\/wp-json\/wp\/v2\/users\/2"}],"replies":[{"embeddable":true,"href":"https:\/\/www.cronacaonline.it\/index.php\/wp-json\/wp\/v2\/comments?post=118601"}],"version-history":[{"count":0,"href":"https:\/\/www.cronacaonline.it\/index.php\/wp-json\/wp\/v2\/posts\/118601\/revisions"}],"wp:attachment":[{"href":"https:\/\/www.cronacaonline.it\/index.php\/wp-json\/wp\/v2\/media?parent=118601"}],"wp:term":[{"taxonomy":"category","embeddable":true,"href":"https:\/\/www.cronacaonline.it\/index.php\/wp-json\/wp\/v2\/categories?post=118601"},{"taxonomy":"post_tag","embeddable":true,"href":"https:\/\/www.cronacaonline.it\/index.php\/wp-json\/wp\/v2\/tags?post=118601"}],"curies":[{"name":"wp","href":"https:\/\/api.w.org\/{rel}","templated":true}]}}