{"id":118569,"date":"2015-10-26T17:27:33","date_gmt":"2015-10-26T16:27:33","guid":{"rendered":"http:\/\/www.cronacaonline.it\/public\/content\/?p=118569"},"modified":"2015-10-26T17:27:33","modified_gmt":"2015-10-26T16:27:33","slug":"luca-gabriele-deidda-e-il-nuovo-prorettore-vicario-delluniversita-di-sassari-il-rettore-massimo-carpinelli-ha-firmato-oggi-il-decreto-di-nomina","status":"publish","type":"post","link":"https:\/\/www.cronacaonline.it\/index.php\/2015\/10\/26\/luca-gabriele-deidda-e-il-nuovo-prorettore-vicario-delluniversita-di-sassari-il-rettore-massimo-carpinelli-ha-firmato-oggi-il-decreto-di-nomina\/","title":{"rendered":"Luca Gabriele Deidda \u00e8 il nuovo Prorettore vicario dell&#8217;Universit\u00e0 di Sassari: il Rettore Massimo Carpinelli ha firmato\u00a0oggi\u00a0il Decreto di nomina"},"content":{"rendered":"<p>Sassari, 26 Ott 2015 -\u00a0Il nuovo Prorettore Vicario dell'Universit\u00e0 degli Studi di Sassari \u00e8 Luca Gabriele Deidda, Professore ordinario di Economia del Dipartimento di Scienze economiche e aziendali. Il Magnifico Rettore Massimo Carpinelli ha firmato\u00a0oggi\u2013 26 ottobre 2015 \u2013 il Decreto di nomina.<\/p>\n<p>Oltre a questo incarico, Luca Gabriele Deidda conserva anche la delega rettorale alla Programmazione, bilancio, controllo e indicatori ministeriali. Nato a Nuoro nel 1970, Deidda si \u00e8 laureato in Economia e Commercio all'Universit\u00e0 di Pisa nel 1993; si \u00e8 diplomato come allievo ordinario alla Scuola di Studi Universitari e di Perfezionamento S.Anna di Pisa, dove si \u00e8 perfezionato nel 1997; ha conseguito il titolo di Master of Science in Economics alla London School of Economics and Political Science nel 1994 e un Ph.D in Economics presso la\u00a0School of oriental and african studies (SOAS,\u00a0University of London) nel 1999, con una tesi sulla relazione tra sviluppo economico e finanziario. All'Universit\u00e0 di Sassari, Deidda \u00e8 ordinario dall'et\u00e0 di 41 anni.<\/p>\n<p>Ha insegnato nel dipartimento di Economics della Queen Mary University of London e nel dipartimento di Financial and Management Studies della SOAS. \u00c8 stato Visiting scholar presso il Department of Economics della Boston University nel 2006, visiting researcher presso l'ETH di Zurigo negli anni 2005 e 2008, e nel department of Economics della University of Mannheim nel 2009. Nel 2013, \u00e8 stato Fernand Braudel fellow presso il department of Economics dello European University Institute a Firenze.<\/p>\n<p>\u00c8 autore di pubblicazioni su riviste internazionali in materia di politiche di prezzo delle imprese, economia e finanza d'impresa, sviluppo economico e finanziario. Nell'ultimo esercizio di Valutazione della Qualit\u00e0 della ricerca, i suoi tre lavori presentati sono risultati eccellenti. Com<\/p>\n","protected":false},"excerpt":{"rendered":"<p>Sassari, 26 Ott 2015 &#8211;\u00a0Il nuovo Prorettore Vicario dell&#8217;Universit\u00e0 degli Studi di Sassari \u00e8 Luca Gabriele Deidda, Professore ordinario di Economia del Dipartimento di Scienze&#8230;<\/p>\n","protected":false},"author":2,"featured_media":118570,"comment_status":"closed","ping_status":"closed","sticky":false,"template":"","format":"standard","meta":[],"categories":[49,53],"tags":[],"_links":{"self":[{"href":"https:\/\/www.cronacaonline.it\/index.php\/wp-json\/wp\/v2\/posts\/118569"}],"collection":[{"href":"https:\/\/www.cronacaonline.it\/index.php\/wp-json\/wp\/v2\/posts"}],"about":[{"href":"https:\/\/www.cronacaonline.it\/index.php\/wp-json\/wp\/v2\/types\/post"}],"author":[{"embeddable":true,"href":"https:\/\/www.cronacaonline.it\/index.php\/wp-json\/wp\/v2\/users\/2"}],"replies":[{"embeddable":true,"href":"https:\/\/www.cronacaonline.it\/index.php\/wp-json\/wp\/v2\/comments?post=118569"}],"version-history":[{"count":0,"href":"https:\/\/www.cronacaonline.it\/index.php\/wp-json\/wp\/v2\/posts\/118569\/revisions"}],"wp:featuredmedia":[{"embeddable":true,"href":"https:\/\/www.cronacaonline.it\/index.php\/wp-json\/"}],"wp:attachment":[{"href":"https:\/\/www.cronacaonline.it\/index.php\/wp-json\/wp\/v2\/media?parent=118569"}],"wp:term":[{"taxonomy":"category","embeddable":true,"href":"https:\/\/www.cronacaonline.it\/index.php\/wp-json\/wp\/v2\/categories?post=118569"},{"taxonomy":"post_tag","embeddable":true,"href":"https:\/\/www.cronacaonline.it\/index.php\/wp-json\/wp\/v2\/tags?post=118569"}],"curies":[{"name":"wp","href":"https:\/\/api.w.org\/{rel}","templated":true}]}}