{"id":118446,"date":"2015-10-23T18:34:36","date_gmt":"2015-10-23T16:34:36","guid":{"rendered":"http:\/\/www.cronacaonline.it\/public\/content\/?p=118446"},"modified":"2015-10-23T18:34:36","modified_gmt":"2015-10-23T16:34:36","slug":"nuoro-visita-del-comandante-interregionale-carabinieri-podgora-gen-c-a-vincenzo-giuliani","status":"publish","type":"post","link":"https:\/\/www.cronacaonline.it\/index.php\/2015\/10\/23\/nuoro-visita-del-comandante-interregionale-carabinieri-podgora-gen-c-a-vincenzo-giuliani\/","title":{"rendered":"Nuoro \u2013 Visita del Comandante Interregionale Carabinieri \u201cPodgora\u201d\u00a0 Gen. C.A. Vincenzo Giuliani."},"content":{"rendered":"<p>Nuoro, 23 Ott 2015 - Nelle giornate del 21 e 22 ottobre, il Generale di Corpo d\u2019Armata Vincenzo Giuliani, Vice Comandante Generale dell\u2019Arma dei Carabinieri e Comandante Interregionale Podgora, ha fatto visita a vari reparti del Comando Provinciale di Nuoro.<\/p>\n<p>L\u2019Ufficiale Generale, accompagnato dal Comandante della Legione Sardegna, Generale di Brigata Antonio Bacile e dal Comandante Provinciale, Colonnello Saverio Ceglie, ha prima voluto incontrare \u2013 presso la caserma di Pratobello - il personale del Reparto Squadriglie di Nuoro e delle sette Squadriglie Carabinieri operanti in Provincia (Pratobello, Monte Pizzinnu, Iloghe, Jerzu, Lanusei, Arzana e Tascus\u00ec). Nella circostanza, ha ribadito l\u2019importante ruolo svolto da questi reparti, peculiarit\u00e0 del territorio nuorese, nel controllo delle aree rurali e degli ovili, evidenziando il determinante contributo fornito nell\u2019attivit\u00e0 di contrasto alla criminalit\u00e0 e, in particolare, all\u2019emergente fenomeno della coltivazione di marjuana.<\/p>\n<p><a href=\"http:\/\/www.cronacaonline.it\/public\/content\/wp-content\/uploads\/2015\/10\/Foto-Stazione-Olzai.jpg\"><img loading=\"lazy\" class=\" size-medium wp-image-118449 alignleft\" src=\"http:\/\/www.cronacaonline.it\/public\/content\/wp-content\/uploads\/2015\/10\/Foto-Stazione-Olzai-300x220.jpg\" alt=\"Foto Stazione Olzai\" width=\"300\" height=\"220\" \/><\/a>\u00a0S<a href=\"http:\/\/www.cronacaonline.it\/public\/content\/wp-content\/uploads\/2015\/10\/Foto-San-Teodoro.jpg\"><img loading=\"lazy\" class=\"  wp-image-118448 alignleft\" src=\"http:\/\/www.cronacaonline.it\/public\/content\/wp-content\/uploads\/2015\/10\/Foto-San-Teodoro-300x177.jpg\" alt=\"Foto San Teodoro\" width=\"371\" height=\"219\" \/><\/a>uccessivamente, ha proseguito alla volta di Tonara, ove ha incontrato il personale della locale Compagnia Carabinieri, per poi recarsi in visita alle Stazioni di Sorgono, Atzara, Ortueri, Olzai nonch\u00e9 alla Tenenza di San Teodoro. Nel corso degli incontri con i militari, il Generale Giuliani, che aveva gi\u00e0 fatto visita al Comando Provinciale di Nuoro a fine agosto, si \u00e8 soffermato sulla centralit\u00e0 del ruolo della Stazione Carabinieri quale fondamentale strumento di prossimit\u00e0 al cittadino, secondo un modello ordinativo ispirato da oltre 200 anni alla presenza diffusa sul territorio, esprimendo il proprio apprezzamento per l\u2019impegno quotidianamente profuso a tutela della legalit\u00e0 nella Provincia di Nuoro.<\/p>\n","protected":false},"excerpt":{"rendered":"<p>Nuoro, 23 Ott 2015 &#8211; Nelle giornate del 21 e 22 ottobre, il Generale di Corpo d\u2019Armata Vincenzo Giuliani, Vice Comandante Generale dell\u2019Arma dei Carabinieri&#8230;<\/p>\n","protected":false},"author":2,"featured_media":118447,"comment_status":"closed","ping_status":"closed","sticky":false,"template":"","format":"standard","meta":[],"categories":[49,53],"tags":[],"_links":{"self":[{"href":"https:\/\/www.cronacaonline.it\/index.php\/wp-json\/wp\/v2\/posts\/118446"}],"collection":[{"href":"https:\/\/www.cronacaonline.it\/index.php\/wp-json\/wp\/v2\/posts"}],"about":[{"href":"https:\/\/www.cronacaonline.it\/index.php\/wp-json\/wp\/v2\/types\/post"}],"author":[{"embeddable":true,"href":"https:\/\/www.cronacaonline.it\/index.php\/wp-json\/wp\/v2\/users\/2"}],"replies":[{"embeddable":true,"href":"https:\/\/www.cronacaonline.it\/index.php\/wp-json\/wp\/v2\/comments?post=118446"}],"version-history":[{"count":0,"href":"https:\/\/www.cronacaonline.it\/index.php\/wp-json\/wp\/v2\/posts\/118446\/revisions"}],"wp:featuredmedia":[{"embeddable":true,"href":"https:\/\/www.cronacaonline.it\/index.php\/wp-json\/"}],"wp:attachment":[{"href":"https:\/\/www.cronacaonline.it\/index.php\/wp-json\/wp\/v2\/media?parent=118446"}],"wp:term":[{"taxonomy":"category","embeddable":true,"href":"https:\/\/www.cronacaonline.it\/index.php\/wp-json\/wp\/v2\/categories?post=118446"},{"taxonomy":"post_tag","embeddable":true,"href":"https:\/\/www.cronacaonline.it\/index.php\/wp-json\/wp\/v2\/tags?post=118446"}],"curies":[{"name":"wp","href":"https:\/\/api.w.org\/{rel}","templated":true}]}}