{"id":118147,"date":"2015-10-19T08:11:51","date_gmt":"2015-10-19T06:11:51","guid":{"rendered":"http:\/\/www.cronacaonline.it\/public\/content\/?p=118147"},"modified":"2015-10-19T08:11:51","modified_gmt":"2015-10-19T06:11:51","slug":"boschi-come-solito-cambia-idea-ogni-24-ore-e-passa-dalla-sfida-alla-resa-su-adozioni-liberta-di-coscienza","status":"publish","type":"post","link":"https:\/\/www.cronacaonline.it\/index.php\/2015\/10\/19\/boschi-come-solito-cambia-idea-ogni-24-ore-e-passa-dalla-sfida-alla-resa-su-adozioni-liberta-di-coscienza\/","title":{"rendered":"Boschi come solito cambia idea ogni 24 ore e passa dalla sfida alla resa: su adozioni libert\u00e0 di coscienza."},"content":{"rendered":"<p>&nbsp;<\/p>\n<p>Roma, 19 Ott 2015 - Il ministro portavoce delle volont\u00e0 del suo capo e inventore delle Riforme Maria Elena Boschi, cambia idea sulle sue parole (chi mutano ogni 24 ore) e spegne\u00a0la polemica divampata ieri nella maggioranza sulle Unioni civili\u00a0e in particolare sul capitolo legato alla \"stepchild adoption\", (adozione dei figliastri) l'istituto che consentirebbe\u00a0l'adozione da parte di uno dei due componenti di una coppia del figlio del partner. Una misura prevalentemente rivolta a coppie dello stesso sesso. Intervistata al programma di Rai Uno \"L'Arena\", il ministro Boschi ha assicurato che sulla adozione dei figliastri \u201cprobabilmente il Pd lascer\u00e0 libert\u00e0 di coscienza\" e che quindi \"non ci sar\u00e0 nessuna rottura del governo e di maggioranza. Ci confronteremo - ha proseguito - ed \u00e8 possibile trovare un accordo\".<\/p>\n<p>A stretto giro \u00e8 arrivata la risposta del leader di Ncd Angelino Alfano, in un'intervista rilasciata al Tg2. \"Per noi - ha affermato - va bene quel che ha detto la Boschi e ribadiamo le nostre posizioni\". Il ministro dell'Interno ha poi dettagliato nel merito le posizioni dei centristi al governo. \u00a0\"Noi abbiamo alcuni s\u00ec' e alcuni no - ha spiegato Alfano - S\u00ec al rafforzamento dei diritti patrimoniali di ciascun singolo soggetto della coppia e no alla equiparazione al matrimonio e no alla adottabilit\u00e0 dei figli da parte delle coppie dello stesso sesso. Riteniamo che sia un grande errore perch\u00e9 ogni bambino ha diritto ad avere un pap\u00e0 e una mamma\".<\/p>\n<p>Intanto su questo fronte il governo incassa forti critiche da Nunzio Galantino, segretario generale della Cei, che intervenendo al programma di Lucia Annunziata su Rai Tre, ha parlato di una politica strabica e di un governo \"che\u00a0sta investendo\u00a0tantissime energie per queste forme di unioni particolari e di\u00a0fatto sta mettendo all'angolo la famiglia tradizionale che deve\u00a0essere un pilastro della societ\u00e0\".<\/p>\n<p>Sul disegno di Legge Cirinn\u00e0 \u00e8 intervenuto anche M5S con il capogruppo al Senato Giancluca Castaldi, in risposta al\u00a0governo e al Pd che hanno invocato il loro sostegno alla legge sulle unioni civili.\u00a0\"Ho chiesto di iniziare a discutere la proposta Cirinn\u00e0 marted\u00ec e chiuderla gioved\u00ec - ha rivelato il pentastellato - ma \u00e8 il Pd che non vuole, quindi le loro sono chiacchiere\".<\/p>\n","protected":false},"excerpt":{"rendered":"<p>&nbsp; Roma, 19 Ott 2015 &#8211; Il ministro portavoce delle volont\u00e0 del suo capo e inventore delle Riforme Maria Elena Boschi, cambia idea sulle sue&#8230;<\/p>\n","protected":false},"author":2,"featured_media":135,"comment_status":"closed","ping_status":"closed","sticky":false,"template":"","format":"standard","meta":[],"categories":[49,50],"tags":[],"_links":{"self":[{"href":"https:\/\/www.cronacaonline.it\/index.php\/wp-json\/wp\/v2\/posts\/118147"}],"collection":[{"href":"https:\/\/www.cronacaonline.it\/index.php\/wp-json\/wp\/v2\/posts"}],"about":[{"href":"https:\/\/www.cronacaonline.it\/index.php\/wp-json\/wp\/v2\/types\/post"}],"author":[{"embeddable":true,"href":"https:\/\/www.cronacaonline.it\/index.php\/wp-json\/wp\/v2\/users\/2"}],"replies":[{"embeddable":true,"href":"https:\/\/www.cronacaonline.it\/index.php\/wp-json\/wp\/v2\/comments?post=118147"}],"version-history":[{"count":0,"href":"https:\/\/www.cronacaonline.it\/index.php\/wp-json\/wp\/v2\/posts\/118147\/revisions"}],"wp:featuredmedia":[{"embeddable":true,"href":"https:\/\/www.cronacaonline.it\/index.php\/wp-json\/wp\/v2\/media\/135"}],"wp:attachment":[{"href":"https:\/\/www.cronacaonline.it\/index.php\/wp-json\/wp\/v2\/media?parent=118147"}],"wp:term":[{"taxonomy":"category","embeddable":true,"href":"https:\/\/www.cronacaonline.it\/index.php\/wp-json\/wp\/v2\/categories?post=118147"},{"taxonomy":"post_tag","embeddable":true,"href":"https:\/\/www.cronacaonline.it\/index.php\/wp-json\/wp\/v2\/tags?post=118147"}],"curies":[{"name":"wp","href":"https:\/\/api.w.org\/{rel}","templated":true}]}}