{"id":117963,"date":"2015-10-15T11:39:22","date_gmt":"2015-10-15T09:39:22","guid":{"rendered":"http:\/\/www.cronacaonline.it\/public\/content\/?p=117963"},"modified":"2015-10-15T11:39:22","modified_gmt":"2015-10-15T09:39:22","slug":"comune-di-cagliari-domani-presentazione-della-prima-festa-della-laguna","status":"publish","type":"post","link":"https:\/\/www.cronacaonline.it\/index.php\/2015\/10\/15\/comune-di-cagliari-domani-presentazione-della-prima-festa-della-laguna\/","title":{"rendered":"Comune di Cagliari \u2013 Domani presentazione della prima festa della Laguna."},"content":{"rendered":"<p>Cagliari, 15 Ott 2015 - Venerd\u00ec 16 ottobre alle ore 10.30 nella ex sala Giunta del Palazzo Civico di via Roma 145, si terr\u00e0 la conferenza stampa di presentazione della prima festa della Laguna, evento che si svolger\u00e0 domenica 18 ottobre a Cagliari.<\/p>\n<p>L'iniziativa, sostenuta e promossa dal Comune di Cagliari, \u00e8 organizzata dal Consorzio Ittico Santa Gilla, insieme al circolo Me-Ti ed in collaborazione con il Centro di Assistenza Pesca, Sardegna Pesca, Sardegna Esche, Oasi Fish, Sarda Esche e macelleria Medda.<\/p>\n<p>Saranno presenti l'assessore allo Sviluppo Economico e Turismo Barbara Argiolas, il presidente del Consorzio Ittico Santa Gilla Emanuele Orsati e il presidente del circolo Me-Ti, Nicola Calledda. Com<\/p>\n","protected":false},"excerpt":{"rendered":"<p>Cagliari, 15 Ott 2015 &#8211; Venerd\u00ec 16 ottobre alle ore 10.30 nella ex sala Giunta del Palazzo Civico di via Roma 145, si terr\u00e0 la&#8230;<\/p>\n","protected":false},"author":2,"featured_media":0,"comment_status":"closed","ping_status":"closed","sticky":false,"template":"","format":"standard","meta":[],"categories":[49,53],"tags":[],"_links":{"self":[{"href":"https:\/\/www.cronacaonline.it\/index.php\/wp-json\/wp\/v2\/posts\/117963"}],"collection":[{"href":"https:\/\/www.cronacaonline.it\/index.php\/wp-json\/wp\/v2\/posts"}],"about":[{"href":"https:\/\/www.cronacaonline.it\/index.php\/wp-json\/wp\/v2\/types\/post"}],"author":[{"embeddable":true,"href":"https:\/\/www.cronacaonline.it\/index.php\/wp-json\/wp\/v2\/users\/2"}],"replies":[{"embeddable":true,"href":"https:\/\/www.cronacaonline.it\/index.php\/wp-json\/wp\/v2\/comments?post=117963"}],"version-history":[{"count":0,"href":"https:\/\/www.cronacaonline.it\/index.php\/wp-json\/wp\/v2\/posts\/117963\/revisions"}],"wp:attachment":[{"href":"https:\/\/www.cronacaonline.it\/index.php\/wp-json\/wp\/v2\/media?parent=117963"}],"wp:term":[{"taxonomy":"category","embeddable":true,"href":"https:\/\/www.cronacaonline.it\/index.php\/wp-json\/wp\/v2\/categories?post=117963"},{"taxonomy":"post_tag","embeddable":true,"href":"https:\/\/www.cronacaonline.it\/index.php\/wp-json\/wp\/v2\/tags?post=117963"}],"curies":[{"name":"wp","href":"https:\/\/api.w.org\/{rel}","templated":true}]}}