{"id":117927,"date":"2015-10-14T12:26:51","date_gmt":"2015-10-14T10:26:51","guid":{"rendered":"http:\/\/www.cronacaonline.it\/public\/content\/?p=117927"},"modified":"2015-10-14T12:26:51","modified_gmt":"2015-10-14T10:26:51","slug":"manifestazione-vietata-a-teulada-no-basi-ne-qui-ne-altrove-individuati-da-polizia-e-carabinieri-e-denunciate-in-stato-di-liberta-ventuno-persone-per-il-reato-manifestazione-non-auto","status":"publish","type":"post","link":"https:\/\/www.cronacaonline.it\/index.php\/2015\/10\/14\/manifestazione-vietata-a-teulada-no-basi-ne-qui-ne-altrove-individuati-da-polizia-e-carabinieri-e-denunciate-in-stato-di-liberta-ventuno-persone-per-il-reato-manifestazione-non-auto\/","title":{"rendered":"Manifestazione vietata a Teulada \u201cNo Basi \u2013n\u00e8 qui n\u00e8 altrove: individuati da polizia e carabinieri e denunciate in stato di libert\u00e0 ventuno persone per il reato manifestazione non autorizzata e sei anche per il reato di ingresso arbitrario in luoghi"},"content":{"rendered":"<p>Cagliari, 14 Ott 2015 - Lo scorso dicembre, una cinquantina di persone (molte delle quali riconosciute dagli operatori come gi\u00e0 presenti alle altre due precedenti manifestazioni promosse dallo stesso movimento) si sono radunate a Teulada per lo svolgimento di una manifestazione del movimento \u201cNo Basi \u2013n\u00e8 qui n\u00e8 altrove.<\/p>\n<p>La pubblica riunione era stata annunciata attraverso un volantinaggio e tale iniziativa non era stata oggetto di preavviso, cos\u00ec come previsto dalla vigente normativa. Nonostante il personale del Commissariato di P.S. di Carbonia e della Compagnia Carabinieri di Carbonia avesse avvicinato alcuni dei manifestanti informandoli che per tale iniziativa non era stata dato nessun preavviso agli organi competenti e che pertanto avrebbero potuto incorrere in responsabilit\u00e0 di natura penale e dell\u2019assoluto divieto di accedere all\u2019area militare, in quanto l\u2019accesso non autorizzato a tali aree costituisce reato ma i manifestanti hanno deciso di procedere comunque con l\u2019avvio della manifestazione, assicurando di avere intenzione di manifestare soltanto intorno alla base militare, evitando l\u2019accesso.<\/p>\n<p><a href=\"http:\/\/www.cronacaonline.it\/public\/content\/wp-content\/uploads\/2015\/10\/gazzella-carabinieri.jpg\"><img loading=\"lazy\" class=\" size-medium wp-image-117901 alignleft\" src=\"http:\/\/www.cronacaonline.it\/public\/content\/wp-content\/uploads\/2015\/10\/gazzella-carabinieri-300x300.jpg\" alt=\"gazzella carabinieri\" width=\"300\" height=\"300\" \/><\/a>Alle ore 12.00 circa il corteo si \u00e8 mosso esponendo bandiere e striscioni in direzione della spiaggia antistante Portu Tramatzu costeggiando l\u2019area militare e nel percorso il corteo ha preso compattezza, creando diversi gruppi separati di persone ed alcuni di questi si sono portati a ridosso della recinzione dell\u2019area militare, costantemente osservati dal personale di servizio.<\/p>\n<p>I manifestanti hanno percorso la spiaggia sino allo stabilimento balneare militare e, nonostante i ripetuti inviti delle Forze dell\u2019Ordine a non oltrepassare il limite della zona interdetta, hanno comunque fatto accesso all\u2019area. Infatti, una trentina di manifestanti sono entrati nell\u2019area militare percorrendo la battigia e sostando sulla spiaggia in prossimit\u00e0 dello stabilimento balneare. Il restante gruppo ha risalito la scogliera in ordine sparso inoltrandosi nella fitta vegetazione e entrando nell\u2019area militare.<\/p>\n<p>Intorno alle ore 13.30 i manifestanti sono stati intercettati nella \u201cSpiaggia degli Americani\u201d dai militari dell\u2019Arma dei Carabinieri e dopo l\u2019ennesimo avviso di abbandonare l\u2019area sono stati ricondotti verso lo stabilimento balneare. Quindi dopo circa un\u2019ora tutti i manifestanti che avevano oltrepassato la zona militare, hanno lasciato l\u2019area dove si sono ricompattarti con quelli rimasti sulla spiaggia.<\/p>\n<p>A seguito delle verifiche effettuate dagli Agenti del Commissariato di Carbonia e dai Militari della Compagnia Carabinieri Carbonia sono state identificate e denunciate in stato di libert\u00e0 ventuno persone per il reato manifestazione non autorizzata e sei anche per il reato di ingresso arbitrario in luoghi dove l\u2019accesso militare \u00e8 vietato. Si tratta, comunque per la maggior parte degli stessi soggetti che sono stati identificati per gli eventi di Capofrasca e che sono gi\u00e0 stati individuati quali partecipanti anche alla manifestazione non autorizzata di domenica a Cagliari.<\/p>\n<p>Al termine della manifestazione, all'esterno del poligono, nei pressi delle autovetture utilizzate dai manifestanti \u00e8 stato ritrovato, occultato, uno scatolone contenente uova ripiene di vernice ma che presumibilmente, per la presenza costante di personale in divisa, non \u00e8 stato recuperato prima dell'inizio del corteo.<\/p>\n","protected":false},"excerpt":{"rendered":"<p>Cagliari, 14 Ott 2015 &#8211; Lo scorso dicembre, una cinquantina di persone (molte delle quali riconosciute dagli operatori come gi\u00e0 presenti alle altre due precedenti&#8230;<\/p>\n","protected":false},"author":2,"featured_media":115657,"comment_status":"closed","ping_status":"closed","sticky":false,"template":"","format":"standard","meta":[],"categories":[49,55],"tags":[],"_links":{"self":[{"href":"https:\/\/www.cronacaonline.it\/index.php\/wp-json\/wp\/v2\/posts\/117927"}],"collection":[{"href":"https:\/\/www.cronacaonline.it\/index.php\/wp-json\/wp\/v2\/posts"}],"about":[{"href":"https:\/\/www.cronacaonline.it\/index.php\/wp-json\/wp\/v2\/types\/post"}],"author":[{"embeddable":true,"href":"https:\/\/www.cronacaonline.it\/index.php\/wp-json\/wp\/v2\/users\/2"}],"replies":[{"embeddable":true,"href":"https:\/\/www.cronacaonline.it\/index.php\/wp-json\/wp\/v2\/comments?post=117927"}],"version-history":[{"count":0,"href":"https:\/\/www.cronacaonline.it\/index.php\/wp-json\/wp\/v2\/posts\/117927\/revisions"}],"wp:featuredmedia":[{"embeddable":true,"href":"https:\/\/www.cronacaonline.it\/index.php\/wp-json\/"}],"wp:attachment":[{"href":"https:\/\/www.cronacaonline.it\/index.php\/wp-json\/wp\/v2\/media?parent=117927"}],"wp:term":[{"taxonomy":"category","embeddable":true,"href":"https:\/\/www.cronacaonline.it\/index.php\/wp-json\/wp\/v2\/categories?post=117927"},{"taxonomy":"post_tag","embeddable":true,"href":"https:\/\/www.cronacaonline.it\/index.php\/wp-json\/wp\/v2\/tags?post=117927"}],"curies":[{"name":"wp","href":"https:\/\/api.w.org\/{rel}","templated":true}]}}