{"id":117918,"date":"2015-10-14T11:24:40","date_gmt":"2015-10-14T09:24:40","guid":{"rendered":"http:\/\/www.cronacaonline.it\/public\/content\/?p=117918"},"modified":"2015-10-14T11:24:40","modified_gmt":"2015-10-14T09:24:40","slug":"cagliari-ancora-una-volta-presente-allexpo-di-milano-la-conferenza-inserita-allinterno-del-progetto-sardegna-natura-e-storia-il-tema-del-recupero-in-sardegna-e-a-cagliari","status":"publish","type":"post","link":"https:\/\/www.cronacaonline.it\/index.php\/2015\/10\/14\/cagliari-ancora-una-volta-presente-allexpo-di-milano-la-conferenza-inserita-allinterno-del-progetto-sardegna-natura-e-storia-il-tema-del-recupero-in-sardegna-e-a-cagliari\/","title":{"rendered":"Cagliari ancora una volta presente all\u2019Expo di Milano: la conferenza, inserita all&#8217;interno del progetto Sardegna \u201cNatura E Storia: Il Tema del Recupero in Sardegna e a Cagliari\u201d, si \u00e8 svolta sabato 10 ottobre al Padiglione Kip International in Expo a Milano."},"content":{"rendered":"<p>Cagliari, 15 Ott 2015 - La partecipazione di Cagliari di sabato scorso all\u2019Expo all\u2019interno del Padiglione KiP International che ha avuto quale tema i territori attraenti verso un mondo sostenibile, ha ricevuto importanti riscontri positivi.<\/p>\n<p>E\u2019 stata l\u2019occasione per la citt\u00e0 di presentare tutti i progetti che l\u2019Amministrazione sta realizzando in materia di turismo sostenibile e smart cities negli ultimi anni.<\/p>\n<p>Tra i relatori l'assessore allo Sviluppo economico e turismo del Comune di Cagliari, Barbara Argiolas, la prof.ssa Patrizia Modica e l'antropologa Barbara Terenzi, sul tema <a href=\"https:\/\/www.facebook.com\/hashtag\/politiche?source=feed_text&amp;story_id=889604261109031\">\u202aPolitiche<\/a> e <a href=\"https:\/\/www.facebook.com\/hashtag\/azioni?source=feed_text&amp;story_id=889604261109031\">\u202aAzioni<\/a> per lo <a href=\"https:\/\/www.facebook.com\/hashtag\/sviluppo?source=feed_text&amp;story_id=889604261109031\">\u202aSviluppo<\/a> di un <a href=\"https:\/\/www.facebook.com\/hashtag\/turismo?source=feed_text&amp;story_id=889604261109031\">\u202aTurismo<\/a> <a href=\"https:\/\/www.facebook.com\/hashtag\/sostenibile?source=feed_text&amp;story_id=889604261109031\">\u202aSostenibile<\/a>.<\/p>\n<p>L\u2019Assessore Argiolas nel suo intervento ha evidenziato: \u201cOggi Cagliari \u00e8 un laboratorio culturale a cielo aperto che sta lavorando per rendere attraente la citt\u00e0 dapprima ai suoi cittadini e quindi ai turisti. Non esiste una destinazione turistica che non veda la citt\u00e0, i cittadini e le imprese attori protagonisti dell\u2019accoglienza in una logica di sistema e azioni integrate. A Cagliari si sono messe in moto in soli quattro anni, ambiziose strategie di sviluppo che aprono nell'immediato futuro a nuovi scenari di cambiamento sociale e culturale, progettazione e rigenerazione urbana, scegliendo sempre virtuosi canali di sostenibilit\u00e0 e innovazione.\u201d<\/p>\n<p>L'evento di sabato segue e completa gli appuntamenti organizzati dal Comune di Cagliari di luglio, sempre in Expo, a Casa don Bosco e Cascina Triulza, nel Padiglione della societ\u00e0 civile e con un fuori Expo ai Chiostri di San Barnaba.<\/p>\n<p>L'Assessore Argiolas ha continuato: \u201cDalla progettazione che ha portato ad essere Cagliari, Capitale Italiana della Cultura 2015, alle politiche di mobilit\u00e0 e innovazione, alla riqualificazione urbana per arrivare al Protocollo di Salvaguardia dello scioglimento del Voto di Sant\u2019Efisio e al percorso di candidatura per l\u2019iscrizione nella lista del patrimonio culturale immateriale dell\u2019Unesco. Una citt\u00e0 in trasformazione che ha deciso di parlare di sostenibilit\u00e0 secondo criteri scientifici.\u201d.<\/p>\n<p>La prof.ssa Patrizia Modica, docente dell'Universit\u00e0 di Cagliari, ha presentato il risultato dei lavori effettuati nel territorio di Visit South Sardinia (che comprende i comuni di Cagliari, Domus De Maria, Muravera, Pula e Villasimius) dal 2013 a oggi, con l\u2019intervento \u201cGSTC e ETIS come percorsi ed elementi di misurazione\u201d.<\/p>\n<p>\u201cIl percorso che il territorio di Visit Sout Sardinia \u2013 ha commentato la prof.ssa Modica -\u00a0 ha intrapreso nel 2013 con l\u2019accompagnamento del Dipartimento di Scienze Economiche e Aziendali, ha portato all\u2019ottenimento della certificazione GSTC (Global Sustainable Tourism Council, patrocinato da UN e WTO) di Destinazione Sostenibile e alla partecipazione alla prima fase pilota di ETIS (European Tourism Indicator System) promosso dalla Commissione Europea.<\/p>\n<p>Attualmente il progetto continua, in ambito europeo, con la partecipazione a Grow ETIS e con il monitoraggio della destinazione, per mezzo di questionari a residenti, turisti, comuni e imprese, attraverso la collaborazione degli studenti del corso di laurea EGST (Economia e Gestione dei Servizi Turistici) della sede di Oristano, che hanno partecipato al seminario Sustainable Tourism Indicator Systems\u201d.<\/p>\n<p>&nbsp;<\/p>\n<p>L'intervento dell'antropologa Barbara Terenzi ha focalizzato i temi del Protocollo di Salvaguardia del Rito per lo scioglimento del voto di Sant\u2019Efisio e il percorso di candidatura UNESCO come best practise secondo la convenzione Unesco. Com<\/p>\n","protected":false},"excerpt":{"rendered":"<p>Cagliari, 15 Ott 2015 &#8211; La partecipazione di Cagliari di sabato scorso all\u2019Expo all\u2019interno del Padiglione KiP International che ha avuto quale tema i territori&#8230;<\/p>\n","protected":false},"author":2,"featured_media":117919,"comment_status":"closed","ping_status":"closed","sticky":false,"template":"","format":"standard","meta":[],"categories":[49,53],"tags":[],"_links":{"self":[{"href":"https:\/\/www.cronacaonline.it\/index.php\/wp-json\/wp\/v2\/posts\/117918"}],"collection":[{"href":"https:\/\/www.cronacaonline.it\/index.php\/wp-json\/wp\/v2\/posts"}],"about":[{"href":"https:\/\/www.cronacaonline.it\/index.php\/wp-json\/wp\/v2\/types\/post"}],"author":[{"embeddable":true,"href":"https:\/\/www.cronacaonline.it\/index.php\/wp-json\/wp\/v2\/users\/2"}],"replies":[{"embeddable":true,"href":"https:\/\/www.cronacaonline.it\/index.php\/wp-json\/wp\/v2\/comments?post=117918"}],"version-history":[{"count":0,"href":"https:\/\/www.cronacaonline.it\/index.php\/wp-json\/wp\/v2\/posts\/117918\/revisions"}],"wp:featuredmedia":[{"embeddable":true,"href":"https:\/\/www.cronacaonline.it\/index.php\/wp-json\/"}],"wp:attachment":[{"href":"https:\/\/www.cronacaonline.it\/index.php\/wp-json\/wp\/v2\/media?parent=117918"}],"wp:term":[{"taxonomy":"category","embeddable":true,"href":"https:\/\/www.cronacaonline.it\/index.php\/wp-json\/wp\/v2\/categories?post=117918"},{"taxonomy":"post_tag","embeddable":true,"href":"https:\/\/www.cronacaonline.it\/index.php\/wp-json\/wp\/v2\/tags?post=117918"}],"curies":[{"name":"wp","href":"https:\/\/api.w.org\/{rel}","templated":true}]}}