{"id":117688,"date":"2015-10-09T17:15:52","date_gmt":"2015-10-09T15:15:52","guid":{"rendered":"http:\/\/www.cronacaonline.it\/public\/content\/?p=117688"},"modified":"2015-10-09T17:15:52","modified_gmt":"2015-10-09T15:15:52","slug":"la-memoria-ritrovata-ce-tempo-fino-al-15-ottobre-per-visitare-a-cagliari-lesposizione-delle-opere-trafugate","status":"publish","type":"post","link":"https:\/\/www.cronacaonline.it\/index.php\/2015\/10\/09\/la-memoria-ritrovata-ce-tempo-fino-al-15-ottobre-per-visitare-a-cagliari-lesposizione-delle-opere-trafugate\/","title":{"rendered":"&#8220;La memoria ritrovata&#8221;, c\u2019\u00e8 tempo fino al 15 ottobre per visitare a Cagliari l\u2019esposizione delle opere trafugate"},"content":{"rendered":"<p>Cagliari, 9 Ott 2015 - C\u2019\u00e8 tempo fino a gioved\u00ec 15 ottobre per visitare la mostra \"La Memoria ritrovata - L\u2019Arma e lo scrigno dei tesori recuperati\", organizzata dalla Regione Sardegna insieme al Comando dei Carabinieri del Corpo Tutela Patrimonio Culturale e il Ministero dei Beni e delle Attivit\u00e0 Culturali, ospitata nello spazio delle antiche carceri di San Pancrazio, all'interno della Cittadella dei Musei di Cagliari.<\/p>\n<p>Aperta il 15 luglio, grazie al forte interessamento e al decisivo sostegno della Regione Sardegna che ha voluto portare nell'isola un\u2019esposizione di grande pregio artistico, la mostra propone alcuni capolavori di Van Gogh, Gauguin, Guercino e Tiepolo, recuperati dal Corpo Tutela Patrimonio Culturale dell'Arma dei Carabinieri, insieme a una ricca raccolta archeologica di materiali greci, magno-greci, romani e etruschi. Di notevole interesse anche i reperti nuragici, provenienti da scavi clandestini, recuperati negli anni scorsi e destinati a rimanere in Sardegna. Fino allo scorso 14 settembre, nella sala principale dello spazio espositivo \u00e8 stato possibile ammirare anche la Muta di Raffaello, rubata nel 1975 e recuperata dal Comando Carabinieri Tutela Patrimonio Culturale l\u2019anno successivo.<\/p>\n<p>\"La Memoria ritrovata\" si pu\u00f2 visitare dal marted\u00ec al sabato dalle ore 9 alle 19 e la domenica dalle 14 alle 19 (luned\u00ec chiuso). L\u2019ingresso \u00e8 libero, e l\u2019accesso potr\u00e0 avvenire in gruppi di massimo 30 persone per volta.<\/p>\n","protected":false},"excerpt":{"rendered":"<p>Cagliari, 9 Ott 2015 &#8211; C\u2019\u00e8 tempo fino a gioved\u00ec 15 ottobre per visitare la mostra &#8220;La Memoria ritrovata &#8211; L\u2019Arma e lo scrigno dei&#8230;<\/p>\n","protected":false},"author":2,"featured_media":0,"comment_status":"closed","ping_status":"closed","sticky":false,"template":"","format":"standard","meta":[],"categories":[49,54],"tags":[],"_links":{"self":[{"href":"https:\/\/www.cronacaonline.it\/index.php\/wp-json\/wp\/v2\/posts\/117688"}],"collection":[{"href":"https:\/\/www.cronacaonline.it\/index.php\/wp-json\/wp\/v2\/posts"}],"about":[{"href":"https:\/\/www.cronacaonline.it\/index.php\/wp-json\/wp\/v2\/types\/post"}],"author":[{"embeddable":true,"href":"https:\/\/www.cronacaonline.it\/index.php\/wp-json\/wp\/v2\/users\/2"}],"replies":[{"embeddable":true,"href":"https:\/\/www.cronacaonline.it\/index.php\/wp-json\/wp\/v2\/comments?post=117688"}],"version-history":[{"count":0,"href":"https:\/\/www.cronacaonline.it\/index.php\/wp-json\/wp\/v2\/posts\/117688\/revisions"}],"wp:attachment":[{"href":"https:\/\/www.cronacaonline.it\/index.php\/wp-json\/wp\/v2\/media?parent=117688"}],"wp:term":[{"taxonomy":"category","embeddable":true,"href":"https:\/\/www.cronacaonline.it\/index.php\/wp-json\/wp\/v2\/categories?post=117688"},{"taxonomy":"post_tag","embeddable":true,"href":"https:\/\/www.cronacaonline.it\/index.php\/wp-json\/wp\/v2\/tags?post=117688"}],"curies":[{"name":"wp","href":"https:\/\/api.w.org\/{rel}","templated":true}]}}