{"id":117615,"date":"2015-10-08T17:26:18","date_gmt":"2015-10-08T15:26:18","guid":{"rendered":"http:\/\/www.cronacaonline.it\/public\/content\/?p=117615"},"modified":"2015-10-08T17:26:18","modified_gmt":"2015-10-08T15:26:18","slug":"acli-cagliari-gruppo-di-sostegno-alla-genitorialita","status":"publish","type":"post","link":"https:\/\/www.cronacaonline.it\/index.php\/2015\/10\/08\/acli-cagliari-gruppo-di-sostegno-alla-genitorialita\/","title":{"rendered":"Acli Cagliari &#8211; Gruppo di sostegno alla genitorialit\u00e0"},"content":{"rendered":"<p>Cagliari, 8 ottobre 2015 - Le Acli Provinciali di Cagliari, all\u2019interno del progetto \u201cPunto Famiglia: ascolto, sostegno e aggregazione\u201d, promuovono il gruppo di sostegno alla genitorialit\u00e0, i cui incontri si terranno presso la sede delle Acli Provinciali di Cagliari in viale Guglielmo Marconi n. 4.<\/p>\n<p>L\u2019adolescenza \u00e8 quella fase in cui si verifica la transizione dallo stato del bambino a quello dell\u2019adulto, in cui il giovane definisce la propria identit\u00e0 e affronta grandi cambiamenti fisici e psicologici. In questo periodo il rapporto tra genitori e figli assume una nuova forma poich\u00e9 mutano gli equilibri che sino ad allora si erano creati. L\u2019adolescente inizia a sviluppare la propria capacit\u00e0 di essere indipendente e per fare ci\u00f2 pu\u00f2 adottare comportamenti ed atteggiamenti di contrasto verso i tentativi di controllo dei genitori. Le reazioni di questi ultimi possono cos\u00ec essere contrassegnate da ambivalenze: tra la gioia dell\u2019accettazione della crescita del figlio e sentimenti di ansia sulle conseguenze della ricerca di autonomia.<\/p>\n<p>Obiettivo del gruppo sar\u00e0 fornire ai genitori di figli adolescenti uno spazio in cui ogni partecipante avr\u00e0 la possibilit\u00e0 di confrontarsi con gli altri su questioni educativo-relazionali e condividere esperienze ed emozioni al fine di attivare risorse personali per promuovere il benessere della propria famiglia.<\/p>\n<p>Le iscrizioni saranno aperte fino al 6 novembre 2015 e l\u2019avvio delle attivit\u00e0 sar\u00e0 subordinato al raggiungimento della quota minima di partecipanti.<\/p>\n<p>Per le iscrizioni e per maggiori informazioni contattare l\u2019Associazione all\u2019indirizzo e-mail <a href=\"mailto:acliprovincialicagliari@gmail.com\">acliprovincialicagliari@gmail.com<\/a> e\/o al recapito telefonico 07043039. Com<\/p>\n","protected":false},"excerpt":{"rendered":"<p>Cagliari, 8 ottobre 2015 &#8211; Le Acli Provinciali di Cagliari, all\u2019interno del progetto \u201cPunto Famiglia: ascolto, sostegno e aggregazione\u201d, promuovono il gruppo di sostegno alla&#8230;<\/p>\n","protected":false},"author":2,"featured_media":0,"comment_status":"closed","ping_status":"closed","sticky":false,"template":"","format":"standard","meta":[],"categories":[49,53],"tags":[],"_links":{"self":[{"href":"https:\/\/www.cronacaonline.it\/index.php\/wp-json\/wp\/v2\/posts\/117615"}],"collection":[{"href":"https:\/\/www.cronacaonline.it\/index.php\/wp-json\/wp\/v2\/posts"}],"about":[{"href":"https:\/\/www.cronacaonline.it\/index.php\/wp-json\/wp\/v2\/types\/post"}],"author":[{"embeddable":true,"href":"https:\/\/www.cronacaonline.it\/index.php\/wp-json\/wp\/v2\/users\/2"}],"replies":[{"embeddable":true,"href":"https:\/\/www.cronacaonline.it\/index.php\/wp-json\/wp\/v2\/comments?post=117615"}],"version-history":[{"count":0,"href":"https:\/\/www.cronacaonline.it\/index.php\/wp-json\/wp\/v2\/posts\/117615\/revisions"}],"wp:attachment":[{"href":"https:\/\/www.cronacaonline.it\/index.php\/wp-json\/wp\/v2\/media?parent=117615"}],"wp:term":[{"taxonomy":"category","embeddable":true,"href":"https:\/\/www.cronacaonline.it\/index.php\/wp-json\/wp\/v2\/categories?post=117615"},{"taxonomy":"post_tag","embeddable":true,"href":"https:\/\/www.cronacaonline.it\/index.php\/wp-json\/wp\/v2\/tags?post=117615"}],"curies":[{"name":"wp","href":"https:\/\/api.w.org\/{rel}","templated":true}]}}