{"id":117390,"date":"2015-10-05T19:27:00","date_gmt":"2015-10-05T17:27:00","guid":{"rendered":"http:\/\/www.cronacaonline.it\/public\/content\/?p=117390"},"modified":"2015-10-05T19:27:00","modified_gmt":"2015-10-05T17:27:00","slug":"siria-la-nato-chiede-alla-russia-lo-stop-dei-raid-basta-bombardamenti-su-oppositori-e-civili","status":"publish","type":"post","link":"https:\/\/www.cronacaonline.it\/index.php\/2015\/10\/05\/siria-la-nato-chiede-alla-russia-lo-stop-dei-raid-basta-bombardamenti-su-oppositori-e-civili\/","title":{"rendered":"Siria, la Nato chiede alla Russia lo stop dei raid: &#8220;basta bombardamenti su oppositori e civili&#8221;"},"content":{"rendered":"<p>Ankara (Turchia), 5 Set 2015 - La Nato chiede alla Russia \"l'immediata cessazione degli attacchi contro l'opposizione\u00a0siriana ed i civili\" ed esprime \"forte protesta\" e \"condanna\"\u00a0per la violazione dello spazio aereo turco e dell'Alleanza. La Nato esprime la \"profonda preoccupazione per il rafforzamento militare russo in Siria\" e \"specialmente per gli attacchi dell'aviazione russa su Hama, Homs e Idlib\" che hanno fatto vittime civili e \"non hanno preso di mira l'Isis\".<\/p>\n<p>Secondo il Consiglio atlantico, tenuto a livello di rappresentanti permanenti e convocato dal segretario generale dopo la visita del ministro degli Esteri turco, \"le azioni militari russe hanno raggiunto un livello di maggiore pericolosit\u00e0\" con le violazioni dello spazio aereo turco del 3 e 4 ottobre, da parte di un SU-30 ed un Su-24 russi che \"sono entrati nello spazio aereo nonostante i chiari, puntuali e ripetuti avvertimenti\" delle autorit\u00e0 turche e che ne sono usciti solo dopo essere stati \"avvicinati\" dai caccia turchi.<\/p>\n<p>Rimane alta la tensione tra la Russia e la Turchia. Ankara ha protestato per le violazioni del proprio spazio aereo. Il governo turco ha convocato l'ambasciatore russo ad Ankara per trasmettergli la sua energica protesta; poi ha chiesto alla Russia che \"eviti il ripetersi di un simile incidente\" e gli ha comunicato che la riterr\u00e0 \"responsabile di qualunque episodio spiacevole che possa accadere\".<\/p>\n<p>Nuova devastazione dell'Isis indigna l'opinione pubblica internazionale: i miliziani jihadisti hanno distrutto la sommit\u00e0 centrale e quella dei due archi laterali dell'Arco di trionfo romano, un'opera di oltre 2mila anni fa. Le autorit\u00e0 di Damasco hanno messo in guardia che l'intero sito sar\u00e0 ridotto in polvere entro 3-4 mesi se i miliziani fondamentalisti non verranno fermati.<\/p>\n","protected":false},"excerpt":{"rendered":"<p>Ankara (Turchia), 5 Set 2015 &#8211; La Nato chiede alla Russia &#8220;l&#8217;immediata cessazione degli attacchi contro l&#8217;opposizione\u00a0siriana ed i civili&#8221; ed esprime &#8220;forte protesta&#8221; e&#8230;<\/p>\n","protected":false},"author":2,"featured_media":117391,"comment_status":"closed","ping_status":"closed","sticky":false,"template":"","format":"standard","meta":[],"categories":[49,50],"tags":[],"_links":{"self":[{"href":"https:\/\/www.cronacaonline.it\/index.php\/wp-json\/wp\/v2\/posts\/117390"}],"collection":[{"href":"https:\/\/www.cronacaonline.it\/index.php\/wp-json\/wp\/v2\/posts"}],"about":[{"href":"https:\/\/www.cronacaonline.it\/index.php\/wp-json\/wp\/v2\/types\/post"}],"author":[{"embeddable":true,"href":"https:\/\/www.cronacaonline.it\/index.php\/wp-json\/wp\/v2\/users\/2"}],"replies":[{"embeddable":true,"href":"https:\/\/www.cronacaonline.it\/index.php\/wp-json\/wp\/v2\/comments?post=117390"}],"version-history":[{"count":0,"href":"https:\/\/www.cronacaonline.it\/index.php\/wp-json\/wp\/v2\/posts\/117390\/revisions"}],"wp:featuredmedia":[{"embeddable":true,"href":"https:\/\/www.cronacaonline.it\/index.php\/wp-json\/"}],"wp:attachment":[{"href":"https:\/\/www.cronacaonline.it\/index.php\/wp-json\/wp\/v2\/media?parent=117390"}],"wp:term":[{"taxonomy":"category","embeddable":true,"href":"https:\/\/www.cronacaonline.it\/index.php\/wp-json\/wp\/v2\/categories?post=117390"},{"taxonomy":"post_tag","embeddable":true,"href":"https:\/\/www.cronacaonline.it\/index.php\/wp-json\/wp\/v2\/tags?post=117390"}],"curies":[{"name":"wp","href":"https:\/\/api.w.org\/{rel}","templated":true}]}}