{"id":117375,"date":"2015-10-05T15:57:18","date_gmt":"2015-10-05T13:57:18","guid":{"rendered":"http:\/\/www.cronacaonline.it\/public\/content\/?p=117375"},"modified":"2015-10-05T15:57:18","modified_gmt":"2015-10-05T13:57:18","slug":"confesercenti-cagliari-abusivismo-commerciale-firmato-oggi-a-cagliari-il-protocollo-dintesa-in-materia-di-contraffazione-e-vendita-abusiva-di-prodotti","status":"publish","type":"post","link":"https:\/\/www.cronacaonline.it\/index.php\/2015\/10\/05\/confesercenti-cagliari-abusivismo-commerciale-firmato-oggi-a-cagliari-il-protocollo-dintesa-in-materia-di-contraffazione-e-vendita-abusiva-di-prodotti\/","title":{"rendered":"Confesercenti Cagliari &#8211; Abusivismo commerciale: firmato oggi a Cagliari il protocollo d\u2019intesa in materia di contraffazione e vendita abusiva di prodotti"},"content":{"rendered":"<p>Cagliari, 5 Ott 2015 - Da oggi sar\u00e0 linea dura. La firma del Protocollo d\u2019intesa apposta stamattina alla Prefettura di Cagliari apre uno spiraglio verso la tanto auspicata legalit\u00e0 contro la merce contraffatta e la vendita abusiva.<\/p>\n<p>Le Prefetture di Cagliari, Oristano, Nuoro e Sassari, l\u2019Ufficio Scolastico Regionale, l\u2019Anci, i Comuni di Cagliari, Sassari, Nuoro, Oristano, Carbonia, Iglesias, Sanluri, Villacidro, Lanusei, Tortol\u00ec, Olbia, Tempio Pausania, l\u2019Ufficio Regionale Scolastico, l\u2019Anci Sardegna e i presidenti di Unioncamere, Confcommercio, Confesercenti, Confartigianato e C.F.A., preso atto del danno economico che penalizza le imprese che lavorano nella regolarit\u00e0, questa mattina si sono riunite e hanno deciso con questa firma di dare una svolta al lassismo finora ha permesso al mercato nero di espandersi a macchia d\u2019olio in ogni settore. Perch\u00e9 non c\u2019\u00e8 solo la merce contraffatta, ma anche l\u2019ambulantato dilagante che ormai \u00e8 diventato l\u2019alternativa alla carenza di lavoro e l\u2019abusivismo delle professioni che \u00e8 diventato ormai la prassi soprattutto nel settore estetico e nella ristorazione. Tutto ci\u00f2 non soltanto toglie una buona fetta di introiti ai commercianti regolari, ma anche alle casse dello Stato e quindi anche su tutti i cittadini su cui viene ridistribuito il mancato gettito. \u201cStamattina c\u2019era tanto entusiasmo nel vedere la partecipazione e la volont\u00e0 alla collaborazione da parte di tutti \u2013 ha affermato Marco Sulis, presidente di Confesercenti Sardegna \u2013 la lotta alla contraffazione e all\u2019abusivismo deve partire anche dalla prevenzione e la formazione dei giovani in tal senso ci sembra un\u2019ottima idea, certo \u00e8 che alle firme e alle buone intenzioni devono seguire i fatti e ridare ordine in tutti i settori del commercio\u201d.<\/p>\n<p>Se finora i controlli hanno toccato soprattutto chi \u00e8 regolare, da ora in poi le Forze dell\u2019Ordine e la Guardia di Finanza avranno uno strumento di collaborazione in pi\u00f9 per far emergere e arginare questa piaga sociale. Vigilanza pi\u00f9 stretta, controlli, campagne di sensibilizzazione, formazione dei giovani nelle scuole e delle piccole e medie imprese, collaborazione con le organizzazioni no profit per attivare percorsi di legalit\u00e0 per migranti e disagiati sociali. Queste le tematiche che coinvolgono tutte le parti.<\/p>\n<p>\u201cDobbiamo comunque essere tutti consapevoli che qualsiasi intervento normativo e\/o regolamentare o qualsiasi accordo si voglia prevedere o fare per il comparto commerciale, verr\u00e0 comunque vanificato dall\u2019assenza cronica di controlli concreti sul fronte dell\u2019abusivismo \u2013 ha commentato il Direttore Regionale di Confesercenti Gian Battista Piana - Il fenomeno dell'abusivismo, infatti, ha assunto dimensioni talmente importanti\u00a0 da creare danni al comparto in misura non inferiore a quanto possa fare la stessa crisi dei consumi. La palla ora \u00e8 in mano alle amministrazioni comunali che pi\u00f9 di tutti, se solo volessero, e sottolineo il volessero, hanno gli strumenti per incidere in modo serio sul fenomeno.\u201d Di fatto i dati, seppur mai definitivi in quanto non \u00e8 facile \u201ccontare\u201d quanti sono realmente gli abusivi, laddove si \u00e8 potuto appurare il fenomeno, rivelano una situazione drammatica, segno che finora qualcosa forse \u00e8 stata fatta in modo sbagliato: \u201cSu ogni attivit\u00e0 regolarmente registrata, ce ne sono almeno 1,2 abusive - ha aggiunto Piana- \u00e8 purtroppo un dato reale e alcune denunce stanno gi\u00e0 per partire dai nostri uffici\u201d. E la speranza \u00e8 che proprio alla luce della sottoscrizione del protocollo d\u2019intesa finalmente chi denuncia venga ascoltato e vengano presi provvedimenti seri e immediati. Com<\/p>\n<p>&nbsp;<\/p>\n","protected":false},"excerpt":{"rendered":"<p>Cagliari, 5 Ott 2015 &#8211; Da oggi sar\u00e0 linea dura. La firma del Protocollo d\u2019intesa apposta stamattina alla Prefettura di Cagliari apre uno spiraglio verso&#8230;<\/p>\n","protected":false},"author":2,"featured_media":0,"comment_status":"closed","ping_status":"closed","sticky":false,"template":"","format":"standard","meta":[],"categories":[49,53],"tags":[],"_links":{"self":[{"href":"https:\/\/www.cronacaonline.it\/index.php\/wp-json\/wp\/v2\/posts\/117375"}],"collection":[{"href":"https:\/\/www.cronacaonline.it\/index.php\/wp-json\/wp\/v2\/posts"}],"about":[{"href":"https:\/\/www.cronacaonline.it\/index.php\/wp-json\/wp\/v2\/types\/post"}],"author":[{"embeddable":true,"href":"https:\/\/www.cronacaonline.it\/index.php\/wp-json\/wp\/v2\/users\/2"}],"replies":[{"embeddable":true,"href":"https:\/\/www.cronacaonline.it\/index.php\/wp-json\/wp\/v2\/comments?post=117375"}],"version-history":[{"count":0,"href":"https:\/\/www.cronacaonline.it\/index.php\/wp-json\/wp\/v2\/posts\/117375\/revisions"}],"wp:attachment":[{"href":"https:\/\/www.cronacaonline.it\/index.php\/wp-json\/wp\/v2\/media?parent=117375"}],"wp:term":[{"taxonomy":"category","embeddable":true,"href":"https:\/\/www.cronacaonline.it\/index.php\/wp-json\/wp\/v2\/categories?post=117375"},{"taxonomy":"post_tag","embeddable":true,"href":"https:\/\/www.cronacaonline.it\/index.php\/wp-json\/wp\/v2\/tags?post=117375"}],"curies":[{"name":"wp","href":"https:\/\/api.w.org\/{rel}","templated":true}]}}