{"id":117347,"date":"2015-10-05T11:33:07","date_gmt":"2015-10-05T09:33:07","guid":{"rendered":"http:\/\/www.cronacaonline.it\/public\/content\/?p=117347"},"modified":"2015-10-05T11:33:07","modified_gmt":"2015-10-05T09:33:07","slug":"comune-di-cagliari-riaperti-termini-di-iscrizione-ai-servizi-per-la-prima-infanzia","status":"publish","type":"post","link":"https:\/\/www.cronacaonline.it\/index.php\/2015\/10\/05\/comune-di-cagliari-riaperti-termini-di-iscrizione-ai-servizi-per-la-prima-infanzia\/","title":{"rendered":"Comune di Cagliari \u2013 Riaperti termini di iscrizione ai servizi per la prima infanzia"},"content":{"rendered":"<p>&nbsp;<\/p>\n<p>Cagliari, 5 Ott 2015 - Sono state riaperte e sar\u00e0 possibile procedere alla loro presentazione fino al 16 ottobre 2015, le iscrizioni ai servizi per la prima infanzia per l'ammissione dei bambini di et\u00e0 compresa tra gli zero e i trentasei mesi per l'anno educativo 2015\/2016.<\/p>\n<p>Le domande, redatte secondo il modulo disponibile presso l'Ufficio Asili Nido del Servizio Istruzione (Viale San Vincenzo n.4), gli asili nido comunali (Via Crespellani, Via Watt, Via Schiavazzi), l'Ufficio Relazioni con il Pubblico e sul sito\u00a0<a href=\"http:\/\/www.comune.cagliari.it\/\">www.comune.cagliari.it<\/a>, dovranno essere presentate presso l'Ufficio Protocollo Generale del Comune di Cagliari, via Crispi n.2, aperto dal luned\u00ec al venerd\u00ec dalle 9 alle 12,30 e nei pomeriggi di luned\u00ec e mercoled\u00ec dalle 15,30 alle 17,30.<\/p>\n<p>Per poter presentare la domanda di iscrizione \u00e8 necessario essere residenti nel Comune di Cagliari, ma qualora vi fossero posti disponibili presso la struttura prescelta, saranno ammessi anche i non residenti dietro pagamento della quota massima stabilita con delibera della Giunta Comunale n.16 del 24\/02\/2015. Com<\/p>\n","protected":false},"excerpt":{"rendered":"<p>&nbsp; Cagliari, 5 Ott 2015 &#8211; Sono state riaperte e sar\u00e0 possibile procedere alla loro presentazione fino al 16 ottobre 2015, le iscrizioni ai servizi&#8230;<\/p>\n","protected":false},"author":2,"featured_media":0,"comment_status":"closed","ping_status":"closed","sticky":false,"template":"","format":"standard","meta":[],"categories":[49,53],"tags":[],"_links":{"self":[{"href":"https:\/\/www.cronacaonline.it\/index.php\/wp-json\/wp\/v2\/posts\/117347"}],"collection":[{"href":"https:\/\/www.cronacaonline.it\/index.php\/wp-json\/wp\/v2\/posts"}],"about":[{"href":"https:\/\/www.cronacaonline.it\/index.php\/wp-json\/wp\/v2\/types\/post"}],"author":[{"embeddable":true,"href":"https:\/\/www.cronacaonline.it\/index.php\/wp-json\/wp\/v2\/users\/2"}],"replies":[{"embeddable":true,"href":"https:\/\/www.cronacaonline.it\/index.php\/wp-json\/wp\/v2\/comments?post=117347"}],"version-history":[{"count":0,"href":"https:\/\/www.cronacaonline.it\/index.php\/wp-json\/wp\/v2\/posts\/117347\/revisions"}],"wp:attachment":[{"href":"https:\/\/www.cronacaonline.it\/index.php\/wp-json\/wp\/v2\/media?parent=117347"}],"wp:term":[{"taxonomy":"category","embeddable":true,"href":"https:\/\/www.cronacaonline.it\/index.php\/wp-json\/wp\/v2\/categories?post=117347"},{"taxonomy":"post_tag","embeddable":true,"href":"https:\/\/www.cronacaonline.it\/index.php\/wp-json\/wp\/v2\/tags?post=117347"}],"curies":[{"name":"wp","href":"https:\/\/api.w.org\/{rel}","templated":true}]}}